{"id":89800,"date":"2018-09-24T21:23:10","date_gmt":"2018-09-24T18:23:10","guid":{"rendered":"http:\/\/www.sana.sy\/es\/?p=89800"},"modified":"2018-09-24T21:23:10","modified_gmt":"2018-09-24T18:23:10","slug":"al-moallem-encabeza-delegacion-siria-en-las-reuniones-de-la-73a-sesion-de-la-asamblea-general-de-la-onu","status":"publish","type":"post","link":"https:\/\/archive.sana.sy\/es\/?p=89800","title":{"rendered":"Al-Moallem encabeza delegaci\u00f3n siria en las reuniones de la 73\u00aa sesi\u00f3n de la Asamblea General de la ONU"},"content":{"rendered":"<p>Damasco, SANA<\/p>\n<p>El Viceprimer Ministro y Ministro de Exteriores y Expatriados, Walid al-Moallem, encabeza la delegaci\u00f3n de la Rep\u00fablica \u00c1rabe Siria que participa en las reuniones de la 73 sesi\u00f3n de la Asamblea General de las Naciones Unidas en Nueva York.<\/p>\n<p>La delegaci\u00f3n incluye adem\u00e1s al Viceministro de Exteriores y Emigrantes, Faisal Mekdad, y el Asesor del Canciller, Ahmed Arnous.<\/p>\n<p>Al-Moallem pronunciar\u00e1 el discurso de la Rep\u00fablica \u00c1rabe Siria el pr\u00f3ximo s\u00e1bado.<\/p>\n<p>&nbsp;<\/p>\n<p>F.M.<\/p>\n","protected":false},"excerpt":{"rendered":"<p>Damasco, SANA El Viceprimer Ministro y Ministro de Exteriores y Expatriados, Walid al-Moallem, encabeza la delegaci\u00f3n de la Rep\u00fablica \u00c1rabe Siria que participa en las reuniones de la 73 sesi\u00f3n de la Asamblea General de las Naciones Unidas en Nueva York. La delegaci\u00f3n incluye adem\u00e1s al Viceministro de Exteriores y Emigrantes, Faisal Mekdad, y el &hellip;<\/p>\n","protected":false},"author":1,"featured_media":89801,"comment_status":"closed","ping_status":"closed","sticky":false,"template":"","format":"standard","meta":{"footnotes":""},"categories":[476,7541],"tags":[],"class_list":["post-89800","post","type-post","status-publish","format-standard","has-post-thumbnail","","category-locales","category-ultimas-noticias"],"_links":{"self":[{"href":"https:\/\/archive.sana.sy\/es\/index.php?rest_route=\/wp\/v2\/posts\/89800"}],"collection":[{"href":"https:\/\/archive.sana.sy\/es\/index.php?rest_route=\/wp\/v2\/posts"}],"about":[{"href":"https:\/\/archive.sana.sy\/es\/index.php?rest_route=\/wp\/v2\/types\/post"}],"author":[{"embeddable":true,"href":"https:\/\/archive.sana.sy\/es\/index.php?rest_route=\/wp\/v2\/users\/1"}],"replies":[{"embeddable":true,"href":"https:\/\/archive.sana.sy\/es\/index.php?rest_route=%2Fwp%2Fv2%2Fcomments&post=89800"}],"version-history":[{"count":0,"href":"https:\/\/archive.sana.sy\/es\/index.php?rest_route=\/wp\/v2\/posts\/89800\/revisions"}],"wp:featuredmedia":[{"embeddable":true,"href":"https:\/\/archive.sana.sy\/es\/index.php?rest_route=\/wp\/v2\/media\/89801"}],"wp:attachment":[{"href":"https:\/\/archive.sana.sy\/es\/index.php?rest_route=%2Fwp%2Fv2%2Fmedia&parent=89800"}],"wp:term":[{"taxonomy":"category","embeddable":true,"href":"https:\/\/archive.sana.sy\/es\/index.php?rest_route=%2Fwp%2Fv2%2Fcategories&post=89800"},{"taxonomy":"post_tag","embeddable":true,"href":"https:\/\/archive.sana.sy\/es\/index.php?rest_route=%2Fwp%2Fv2%2Ftags&post=89800"}],"curies":[{"name":"wp","href":"https:\/\/api.w.org\/{rel}","templated":true}]}}