{"id":89815,"date":"2018-09-25T11:30:35","date_gmt":"2018-09-25T08:30:35","guid":{"rendered":"http:\/\/www.sana.sy\/es\/?p=89815"},"modified":"2018-09-25T12:46:17","modified_gmt":"2018-09-25T09:46:17","slug":"regimen-saudita-envia-armas-compradas-de-eslovaquia-para-los-terroristas-en-siria","status":"publish","type":"post","link":"https:\/\/archive.sana.sy\/es\/?p=89815","title":{"rendered":"R\u00e9gimen saudita env\u00eda armas compradas de Eslovaquia para los terroristas en Siria"},"content":{"rendered":"<p style=\"text-align: justify;\"><span style=\"color: #800000;\">Bratislava, SANA<\/span><\/p>\n<p style=\"text-align: justify;\">El Departamento de Amnist\u00eda Internacional en Eslovaquia confirm\u00f3 que el r\u00e9gimen saud\u00ed ha enviado armas compradas de Eslovaquia para los terroristas extremistas en varios pa\u00edses, especialmente Siria y Libia.<\/p>\n<p style=\"text-align: justify;\">En un comunicado, la organizaci\u00f3n explic\u00f3 que &#8220;en los \u00faltimos a\u00f1os, Eslovaquia vendi\u00f3 armas a Arabia Saudita, y el r\u00e9gimen de este reino transfiri\u00f3 estas armas a grupos terroristas extremistas en varios pa\u00edses.<\/p>\n<p style=\"text-align: justify;\">A su vez, el subjefe del Partido Comunista Eslovaco, Jalal Suleiman, conden\u00f3 la venta de armas al r\u00e9gimen saud\u00ed por parte de la Rep\u00fablica Eslovaca, y destac\u00f3 que estas armas flu\u00edan a los terroristas en Siria a trav\u00e9s de Arabia Saudita.<\/p>\n<p style=\"text-align: justify;\"><span style=\"color: #0000ff;\">Ammar H.\/ F. Marouf<\/span><\/p>\n","protected":false},"excerpt":{"rendered":"<p>Bratislava, SANA El Departamento de Amnist\u00eda Internacional en Eslovaquia confirm\u00f3 que el r\u00e9gimen saud\u00ed ha enviado armas compradas de Eslovaquia para los terroristas extremistas en varios pa\u00edses, especialmente Siria y Libia. En un comunicado, la organizaci\u00f3n explic\u00f3 que &#8220;en los \u00faltimos a\u00f1os, Eslovaquia vendi\u00f3 armas a Arabia Saudita, y el r\u00e9gimen de este reino transfiri\u00f3 &hellip;<\/p>\n","protected":false},"author":1,"featured_media":89816,"comment_status":"closed","ping_status":"closed","sticky":false,"template":"","format":"standard","meta":{"footnotes":""},"categories":[597,467,7541],"tags":[12743],"class_list":["post-89815","post","type-post","status-publish","format-standard","has-post-thumbnail","","category-cinta-de-noticias","category-siria-y-el-mundo","category-ultimas-noticias","tag-regimen-saudita-envia-armas-compradas-de-eslovaquia-para-los-terroristas-en-siria"],"_links":{"self":[{"href":"https:\/\/archive.sana.sy\/es\/index.php?rest_route=\/wp\/v2\/posts\/89815"}],"collection":[{"href":"https:\/\/archive.sana.sy\/es\/index.php?rest_route=\/wp\/v2\/posts"}],"about":[{"href":"https:\/\/archive.sana.sy\/es\/index.php?rest_route=\/wp\/v2\/types\/post"}],"author":[{"embeddable":true,"href":"https:\/\/archive.sana.sy\/es\/index.php?rest_route=\/wp\/v2\/users\/1"}],"replies":[{"embeddable":true,"href":"https:\/\/archive.sana.sy\/es\/index.php?rest_route=%2Fwp%2Fv2%2Fcomments&post=89815"}],"version-history":[{"count":0,"href":"https:\/\/archive.sana.sy\/es\/index.php?rest_route=\/wp\/v2\/posts\/89815\/revisions"}],"wp:featuredmedia":[{"embeddable":true,"href":"https:\/\/archive.sana.sy\/es\/index.php?rest_route=\/wp\/v2\/media\/89816"}],"wp:attachment":[{"href":"https:\/\/archive.sana.sy\/es\/index.php?rest_route=%2Fwp%2Fv2%2Fmedia&parent=89815"}],"wp:term":[{"taxonomy":"category","embeddable":true,"href":"https:\/\/archive.sana.sy\/es\/index.php?rest_route=%2Fwp%2Fv2%2Fcategories&post=89815"},{"taxonomy":"post_tag","embeddable":true,"href":"https:\/\/archive.sana.sy\/es\/index.php?rest_route=%2Fwp%2Fv2%2Ftags&post=89815"}],"curies":[{"name":"wp","href":"https:\/\/api.w.org\/{rel}","templated":true}]}}