{"id":89873,"date":"2018-09-25T19:51:02","date_gmt":"2018-09-25T16:51:02","guid":{"rendered":"http:\/\/www.sana.sy\/es\/?p=89873"},"modified":"2018-09-25T19:51:02","modified_gmt":"2018-09-25T16:51:02","slug":"ejercito-recupera-mas-terreno-en-el-desierto-este-de-sweida","status":"publish","type":"post","link":"https:\/\/archive.sana.sy\/es\/?p=89873","title":{"rendered":"Ej\u00e9rcito recupera m\u00e1s terreno en el desierto este de Sweida"},"content":{"rendered":"<p style=\"text-align: justify\"><span style=\"color: #800000\">Sweida, SANA<\/span><\/p>\n<p style=\"text-align: justify\">El Ej\u00e9rcito sirio ha recuperado m\u00e1s terreno en la zona de las colinas de Safa ubicada en la profundidad del desierto este de la provincia sure\u00f1a de Sweida.<\/p>\n<p style=\"text-align: justify\">En este contexto, el reportero de SANA precis\u00f3 que unidades castrenses sirias en colaboraci\u00f3n con las fuerzas de respaldo retomaron el control del \u00e1rea de al Sheikh Hossein desde los ejes oeste, noroeste, y suroeste de las colinas de Safa, as\u00ed como recuperaron nuevas superficies de la tierra Qa\u00b4a al Banat tras fuertes choques con los terroristas de Daesh.<\/p>\n<p style=\"text-align: justify\">Dichas operaciones se saldaron con numerosas bajas entre las filas de los terroristas de Daesh, confirm\u00f3 el reportero.<\/p>\n<p style=\"text-align: justify\">Afirm\u00f3 que los terroristas de esta organizaci\u00f3n takfiri pronto sufrir\u00e1n colapso total debido al herm\u00e9tico cerco impuesto por el Ej\u00e9rcito sirio a ellos en los diversos ejes de las colinas de Safa.<\/p>\n<p>&nbsp;<\/p>\n<p style=\"text-align: justify\">Lynn A.<\/p>\n","protected":false},"excerpt":{"rendered":"<p>Sweida, SANA El Ej\u00e9rcito sirio ha recuperado m\u00e1s terreno en la zona de las colinas de Safa ubicada en la profundidad del desierto este de la provincia sure\u00f1a de Sweida. En este contexto, el reportero de SANA precis\u00f3 que unidades castrenses sirias en colaboraci\u00f3n con las fuerzas de respaldo retomaron el control del \u00e1rea de &hellip;<\/p>\n","protected":false},"author":24,"featured_media":89874,"comment_status":"closed","ping_status":"closed","sticky":false,"template":"","format":"standard","meta":{"footnotes":""},"categories":[597,573,7541],"tags":[],"class_list":["post-89873","post","type-post","status-publish","format-standard","has-post-thumbnail","","category-cinta-de-noticias","category-la-realidad-de-los-acontecimientos-en-siria","category-ultimas-noticias"],"_links":{"self":[{"href":"https:\/\/archive.sana.sy\/es\/index.php?rest_route=\/wp\/v2\/posts\/89873"}],"collection":[{"href":"https:\/\/archive.sana.sy\/es\/index.php?rest_route=\/wp\/v2\/posts"}],"about":[{"href":"https:\/\/archive.sana.sy\/es\/index.php?rest_route=\/wp\/v2\/types\/post"}],"author":[{"embeddable":true,"href":"https:\/\/archive.sana.sy\/es\/index.php?rest_route=\/wp\/v2\/users\/24"}],"replies":[{"embeddable":true,"href":"https:\/\/archive.sana.sy\/es\/index.php?rest_route=%2Fwp%2Fv2%2Fcomments&post=89873"}],"version-history":[{"count":0,"href":"https:\/\/archive.sana.sy\/es\/index.php?rest_route=\/wp\/v2\/posts\/89873\/revisions"}],"wp:featuredmedia":[{"embeddable":true,"href":"https:\/\/archive.sana.sy\/es\/index.php?rest_route=\/wp\/v2\/media\/89874"}],"wp:attachment":[{"href":"https:\/\/archive.sana.sy\/es\/index.php?rest_route=%2Fwp%2Fv2%2Fmedia&parent=89873"}],"wp:term":[{"taxonomy":"category","embeddable":true,"href":"https:\/\/archive.sana.sy\/es\/index.php?rest_route=%2Fwp%2Fv2%2Fcategories&post=89873"},{"taxonomy":"post_tag","embeddable":true,"href":"https:\/\/archive.sana.sy\/es\/index.php?rest_route=%2Fwp%2Fv2%2Ftags&post=89873"}],"curies":[{"name":"wp","href":"https:\/\/api.w.org\/{rel}","templated":true}]}}