{"id":89881,"date":"2018-09-25T20:18:45","date_gmt":"2018-09-25T17:18:45","guid":{"rendered":"http:\/\/www.sana.sy\/es\/?p=89881"},"modified":"2018-09-25T20:18:45","modified_gmt":"2018-09-25T17:18:45","slug":"rusia-reitera-rechazo-a-las-sanciones-estadounidenses-contra-venezuela","status":"publish","type":"post","link":"https:\/\/archive.sana.sy\/es\/?p=89881","title":{"rendered":"Rusia reitera rechazo a las sanciones estadounidenses contra Venezuela"},"content":{"rendered":"<p style=\"text-align: justify\"><span style=\"color: #800000\">Mosc\u00fa, SANA<\/span><\/p>\n<p style=\"text-align: justify\">Rusia reiter\u00f3 su rechazo a una serie de nuevas sanciones impuestas por EEUU a funcionarios venezolanos.<\/p>\n<p style=\"text-align: justify\">En un comunicado emitido este martes, la Canciller\u00eda rusa se pronunci\u00f3 en contra de la pol\u00edtica de sanciones dirigida contra &#8220;un pa\u00eds soberano&#8221;, destacando que la misma no ayudar\u00e1 a resolver la situaci\u00f3n sino al contrario.<\/p>\n<p style=\"text-align: justify\">Es de recordar que Washington anunci\u00f3 hoy el mi\u00e9rcoles la imposici\u00f3n de nuevas sanciones financieras a algunos funcionarios del pa\u00eds bolivariano.<\/p>\n<p style=\"text-align: justify\">Estas medidas coercitivas de EEUU van en el marco de sus pretensiones encaminadas a desestabilizar a Venezuela por las posturas de esta naci\u00f3n latinoamericana en contra de la hegemon\u00eda estadounidense.<\/p>\n<p style=\"text-align: justify\">\nLynn A.<\/p>\n","protected":false},"excerpt":{"rendered":"<p>Mosc\u00fa, SANA Rusia reiter\u00f3 su rechazo a una serie de nuevas sanciones impuestas por EEUU a funcionarios venezolanos. En un comunicado emitido este martes, la Canciller\u00eda rusa se pronunci\u00f3 en contra de la pol\u00edtica de sanciones dirigida contra &#8220;un pa\u00eds soberano&#8221;, destacando que la misma no ayudar\u00e1 a resolver la situaci\u00f3n sino al contrario. Es &hellip;<\/p>\n","protected":false},"author":24,"featured_media":89882,"comment_status":"closed","ping_status":"closed","sticky":false,"template":"","format":"standard","meta":{"footnotes":""},"categories":[456],"tags":[],"class_list":["post-89881","post","type-post","status-publish","format-standard","has-post-thumbnail","","category-arabe-internacional-politica"],"_links":{"self":[{"href":"https:\/\/archive.sana.sy\/es\/index.php?rest_route=\/wp\/v2\/posts\/89881"}],"collection":[{"href":"https:\/\/archive.sana.sy\/es\/index.php?rest_route=\/wp\/v2\/posts"}],"about":[{"href":"https:\/\/archive.sana.sy\/es\/index.php?rest_route=\/wp\/v2\/types\/post"}],"author":[{"embeddable":true,"href":"https:\/\/archive.sana.sy\/es\/index.php?rest_route=\/wp\/v2\/users\/24"}],"replies":[{"embeddable":true,"href":"https:\/\/archive.sana.sy\/es\/index.php?rest_route=%2Fwp%2Fv2%2Fcomments&post=89881"}],"version-history":[{"count":0,"href":"https:\/\/archive.sana.sy\/es\/index.php?rest_route=\/wp\/v2\/posts\/89881\/revisions"}],"wp:featuredmedia":[{"embeddable":true,"href":"https:\/\/archive.sana.sy\/es\/index.php?rest_route=\/wp\/v2\/media\/89882"}],"wp:attachment":[{"href":"https:\/\/archive.sana.sy\/es\/index.php?rest_route=%2Fwp%2Fv2%2Fmedia&parent=89881"}],"wp:term":[{"taxonomy":"category","embeddable":true,"href":"https:\/\/archive.sana.sy\/es\/index.php?rest_route=%2Fwp%2Fv2%2Fcategories&post=89881"},{"taxonomy":"post_tag","embeddable":true,"href":"https:\/\/archive.sana.sy\/es\/index.php?rest_route=%2Fwp%2Fv2%2Ftags&post=89881"}],"curies":[{"name":"wp","href":"https:\/\/api.w.org\/{rel}","templated":true}]}}