{"id":89884,"date":"2018-09-26T08:25:51","date_gmt":"2018-09-26T05:25:51","guid":{"rendered":"http:\/\/www.sana.sy\/es\/?p=89884"},"modified":"2018-09-28T16:21:57","modified_gmt":"2018-09-28T13:21:57","slug":"mekdad-ahora-israel-debe-pensarlo-bien-antes-de-atacar-a-siria","status":"publish","type":"post","link":"https:\/\/archive.sana.sy\/es\/?p=89884","title":{"rendered":"Mekdad: ahora Israel debe pensarlo bien antes de atacar a Siria"},"content":{"rendered":"<p style=\"text-align: justify;\"><span style=\"color: #800000;\">Damasco, SANA<\/span><\/p>\n<p style=\"text-align: justify;\">El Viceministro de Exteriores y Expatriados, Faisal Mekdad, afirm\u00f3 que el sistema de misiles S-300, que Rusia planea entregar a Siria dentro de dos semanas, es defensivo, y reiter\u00f3 que Siria se defender\u00e1 como siempre lo ha hecho.<\/p>\n<p style=\"text-align: justify;\">En respuesta a las preguntas de los periodistas durante una recepci\u00f3n ofrecida por la embajada de China en Damasco con motivo del 69 aniversario de la fundaci\u00f3n de la Rep\u00fablica Popular de China, Mekdad dijo que \u201cel tr\u00e1gico incidente que condujo al derribo del IL-20, abri\u00f3 los ojos hacia la agresividad israel\u00ed y el apoyo de Estados Unidos y pa\u00edses occidentales a estas pol\u00edticas destructivas contra Siria\u201d.<\/p>\n<p style=\"text-align: justify;\">El diplom\u00e1tico sirio aclar\u00f3 que &#8220;Israel&#8221;, que se sol\u00eda lanzar repetidos ataques bajo diversos pretextos, ahora debe pensarlo bien si ataca a Siria.<\/p>\n<p style=\"text-align: justify;\">Opin\u00f3 que cualquier ataque contra Siria es agresi\u00f3n contra todas las fuerzas que operan en el pa\u00eds contra el terrorismo y para establecer la seguridad y estabilidad.<\/p>\n<p style=\"text-align: justify;\">Concluy\u00f3 que Siria se defender\u00e1 como siempre lo ha hecho y acogi\u00f3 con satisfacci\u00f3n este apoyo defensivo que deber\u00eda haberle brindado desde hace mucho tiempo.<\/p>\n<p style=\"text-align: justify;\"><span style=\"color: #0000ff;\">F. Marouf\/ Ammar H.<\/span><\/p>\n","protected":false},"excerpt":{"rendered":"<p>Damasco, SANA El Viceministro de Exteriores y Expatriados, Faisal Mekdad, afirm\u00f3 que el sistema de misiles S-300, que Rusia planea entregar a Siria dentro de dos semanas, es defensivo, y reiter\u00f3 que Siria se defender\u00e1 como siempre lo ha hecho. En respuesta a las preguntas de los periodistas durante una recepci\u00f3n ofrecida por la embajada &hellip;<\/p>\n","protected":false},"author":1,"featured_media":89885,"comment_status":"closed","ping_status":"closed","sticky":false,"template":"","format":"standard","meta":{"footnotes":""},"categories":[597,467,7541],"tags":[12750],"class_list":["post-89884","post","type-post","status-publish","format-standard","has-post-thumbnail","","category-cinta-de-noticias","category-siria-y-el-mundo","category-ultimas-noticias","tag-mekdad-ahora-israel-debe-pensarlo-bien-antes-de-atacar-a-siria"],"_links":{"self":[{"href":"https:\/\/archive.sana.sy\/es\/index.php?rest_route=\/wp\/v2\/posts\/89884"}],"collection":[{"href":"https:\/\/archive.sana.sy\/es\/index.php?rest_route=\/wp\/v2\/posts"}],"about":[{"href":"https:\/\/archive.sana.sy\/es\/index.php?rest_route=\/wp\/v2\/types\/post"}],"author":[{"embeddable":true,"href":"https:\/\/archive.sana.sy\/es\/index.php?rest_route=\/wp\/v2\/users\/1"}],"replies":[{"embeddable":true,"href":"https:\/\/archive.sana.sy\/es\/index.php?rest_route=%2Fwp%2Fv2%2Fcomments&post=89884"}],"version-history":[{"count":0,"href":"https:\/\/archive.sana.sy\/es\/index.php?rest_route=\/wp\/v2\/posts\/89884\/revisions"}],"wp:featuredmedia":[{"embeddable":true,"href":"https:\/\/archive.sana.sy\/es\/index.php?rest_route=\/wp\/v2\/media\/89885"}],"wp:attachment":[{"href":"https:\/\/archive.sana.sy\/es\/index.php?rest_route=%2Fwp%2Fv2%2Fmedia&parent=89884"}],"wp:term":[{"taxonomy":"category","embeddable":true,"href":"https:\/\/archive.sana.sy\/es\/index.php?rest_route=%2Fwp%2Fv2%2Fcategories&post=89884"},{"taxonomy":"post_tag","embeddable":true,"href":"https:\/\/archive.sana.sy\/es\/index.php?rest_route=%2Fwp%2Fv2%2Ftags&post=89884"}],"curies":[{"name":"wp","href":"https:\/\/api.w.org\/{rel}","templated":true}]}}