{"id":89890,"date":"2018-09-26T10:00:23","date_gmt":"2018-09-26T07:00:23","guid":{"rendered":"http:\/\/www.sana.sy\/es\/?p=89890"},"modified":"2018-09-26T10:15:47","modified_gmt":"2018-09-26T07:15:47","slug":"presidente-checo-politicas-de-occidente-en-siria-y-libia-solo-han-provocado-el-caos","status":"publish","type":"post","link":"https:\/\/archive.sana.sy\/es\/?p=89890","title":{"rendered":"Presidente checo: pol\u00edticas de Occidente en Siria y Libia solo han provocado el caos"},"content":{"rendered":"<p style=\"text-align: justify;\"><span style=\"color: #800000;\">Praga, SANA<\/span><\/p>\n<p style=\"text-align: justify;\">El presidente checo, Milos Zyman, afirm\u00f3 que los intentos de Occidente de imponer sus pol\u00edticas y exportar su r\u00e9gimen a Siria, Libia y otros pa\u00edses en Medio Oriente solo han provocado el caos.<\/p>\n<p style=\"text-align: justify;\">En declaraciones hechas a la prensa en la provincia checa de Olomots, Zyman enfatiz\u00f3 que los intentos de Occidente no tuvieron \u00e9xito y no lograron sus objetivos, sino que por el contrario trajeron m\u00e1s problemas.<\/p>\n<p style=\"text-align: justify;\">Rep\u00fablica Checa mantuvo su embajada abierta en la capital Damasco, durante todos los a\u00f1os de la guerra.<\/p>\n<p style=\"text-align: justify;\"><span style=\"color: #0000ff;\">F. Marouf\/ Ammar H.<\/span><\/p>\n","protected":false},"excerpt":{"rendered":"<p>Praga, SANA El presidente checo, Milos Zyman, afirm\u00f3 que los intentos de Occidente de imponer sus pol\u00edticas y exportar su r\u00e9gimen a Siria, Libia y otros pa\u00edses en Medio Oriente solo han provocado el caos. En declaraciones hechas a la prensa en la provincia checa de Olomots, Zyman enfatiz\u00f3 que los intentos de Occidente no &hellip;<\/p>\n","protected":false},"author":1,"featured_media":89891,"comment_status":"closed","ping_status":"closed","sticky":false,"template":"","format":"standard","meta":{"footnotes":""},"categories":[597,467,7541],"tags":[12752],"class_list":["post-89890","post","type-post","status-publish","format-standard","has-post-thumbnail","","category-cinta-de-noticias","category-siria-y-el-mundo","category-ultimas-noticias","tag-presidente-checo-politicas-de-occidente-en-siria-y-libia-solo-han-provocado-el-caos"],"_links":{"self":[{"href":"https:\/\/archive.sana.sy\/es\/index.php?rest_route=\/wp\/v2\/posts\/89890"}],"collection":[{"href":"https:\/\/archive.sana.sy\/es\/index.php?rest_route=\/wp\/v2\/posts"}],"about":[{"href":"https:\/\/archive.sana.sy\/es\/index.php?rest_route=\/wp\/v2\/types\/post"}],"author":[{"embeddable":true,"href":"https:\/\/archive.sana.sy\/es\/index.php?rest_route=\/wp\/v2\/users\/1"}],"replies":[{"embeddable":true,"href":"https:\/\/archive.sana.sy\/es\/index.php?rest_route=%2Fwp%2Fv2%2Fcomments&post=89890"}],"version-history":[{"count":0,"href":"https:\/\/archive.sana.sy\/es\/index.php?rest_route=\/wp\/v2\/posts\/89890\/revisions"}],"wp:featuredmedia":[{"embeddable":true,"href":"https:\/\/archive.sana.sy\/es\/index.php?rest_route=\/wp\/v2\/media\/89891"}],"wp:attachment":[{"href":"https:\/\/archive.sana.sy\/es\/index.php?rest_route=%2Fwp%2Fv2%2Fmedia&parent=89890"}],"wp:term":[{"taxonomy":"category","embeddable":true,"href":"https:\/\/archive.sana.sy\/es\/index.php?rest_route=%2Fwp%2Fv2%2Fcategories&post=89890"},{"taxonomy":"post_tag","embeddable":true,"href":"https:\/\/archive.sana.sy\/es\/index.php?rest_route=%2Fwp%2Fv2%2Ftags&post=89890"}],"curies":[{"name":"wp","href":"https:\/\/api.w.org\/{rel}","templated":true}]}}