{"id":89914,"date":"2018-09-26T17:44:40","date_gmt":"2018-09-26T14:44:40","guid":{"rendered":"http:\/\/www.sana.sy\/es\/?p=89914"},"modified":"2023-01-10T15:16:21","modified_gmt":"2023-01-10T13:16:21","slug":"siria-y-el-libano-discuten-vias-de-ampliar-el-intercambio-comercial","status":"publish","type":"post","link":"https:\/\/archive.sana.sy\/es\/?p=89914","title":{"rendered":"Siria y el L\u00edbano discuten v\u00edas de ampliar el intercambio comercial"},"content":{"rendered":"<p style=\"text-align: justify\"><span style=\"color: #800000\">Damasco, SANA<\/span><\/p>\n<p style=\"text-align: justify\">El ministro de Comercio Interior y Protecci\u00f3n al Consumidor, Abdullah al-Gharbi, discuti\u00f3 este mi\u00e9rcoles con el ministro liban\u00e9s de Agricultura, Ghazi Zeaiter, las v\u00edas de impulsar y desarrollar la cooperaci\u00f3n econ\u00f3mica y aumentar el intercambio comercial entre Siria y el L\u00edbano, seg\u00fan el acuerdo de fraternidad, cooperaci\u00f3n y coordinaci\u00f3n ya firmado.<\/p>\n<p style=\"text-align: justify\">Durante la reuni\u00f3n sostenida en la sede del Ministerio de Comercio Interior y Protecci\u00f3n del Consumidor, ambas partes resaltaron la importancia de la cooperaci\u00f3n bilateral en materia de cubrir las necesidades de los mercados de los dos pa\u00edses, y de activar la exportaci\u00f3n e importaci\u00f3n de sus productos agr\u00edcolas e industriales hacia los mercados vecinos.<\/p>\n<p style=\"text-align: justify\">El Ministro al-Gharbi inform\u00f3 que la reuni\u00f3n ten\u00eda como objetivo pasar revista a los acuerdos firmados entre ambas partes, y transmitir el deseo de ampliar el intercambio comercial entre Siria y el L\u00edbano, especialmente el flujo bidireccional de los productos y equipos agrarios.<\/p>\n<p style=\"text-align: justify\">El ministro liban\u00e9s se\u00f1al\u00f3 que lo que ocurre en el pa\u00eds hermano de Siria repercuta de inmediato sobre el L\u00edbano, lo que implica consolidar las relaciones binacionales por el bienestar de ambos pueblos hermanos.<\/p>\n<p style=\"text-align: justify\">\n<p style=\"text-align: justify\">Lynn A.<\/p>\n","protected":false},"excerpt":{"rendered":"<p>Damasco, SANA El ministro de Comercio Interior y Protecci\u00f3n al Consumidor, Abdullah al-Gharbi, discuti\u00f3 este mi\u00e9rcoles con el ministro liban\u00e9s de Agricultura, Ghazi Zeaiter, las v\u00edas de impulsar y desarrollar la cooperaci\u00f3n econ\u00f3mica y aumentar el intercambio comercial entre Siria y el L\u00edbano, seg\u00fan el acuerdo de fraternidad, cooperaci\u00f3n y coordinaci\u00f3n ya firmado. Durante la &hellip;<\/p>\n","protected":false},"author":24,"featured_media":89915,"comment_status":"closed","ping_status":"closed","sticky":false,"template":"","format":"standard","meta":{"footnotes":""},"categories":[485,7541],"tags":[],"class_list":["post-89914","post","type-post","status-publish","format-standard","has-post-thumbnail","","category-informes-negocios-y-finanzas","category-ultimas-noticias"],"_links":{"self":[{"href":"https:\/\/archive.sana.sy\/es\/index.php?rest_route=\/wp\/v2\/posts\/89914"}],"collection":[{"href":"https:\/\/archive.sana.sy\/es\/index.php?rest_route=\/wp\/v2\/posts"}],"about":[{"href":"https:\/\/archive.sana.sy\/es\/index.php?rest_route=\/wp\/v2\/types\/post"}],"author":[{"embeddable":true,"href":"https:\/\/archive.sana.sy\/es\/index.php?rest_route=\/wp\/v2\/users\/24"}],"replies":[{"embeddable":true,"href":"https:\/\/archive.sana.sy\/es\/index.php?rest_route=%2Fwp%2Fv2%2Fcomments&post=89914"}],"version-history":[{"count":0,"href":"https:\/\/archive.sana.sy\/es\/index.php?rest_route=\/wp\/v2\/posts\/89914\/revisions"}],"wp:featuredmedia":[{"embeddable":true,"href":"https:\/\/archive.sana.sy\/es\/index.php?rest_route=\/wp\/v2\/media\/89915"}],"wp:attachment":[{"href":"https:\/\/archive.sana.sy\/es\/index.php?rest_route=%2Fwp%2Fv2%2Fmedia&parent=89914"}],"wp:term":[{"taxonomy":"category","embeddable":true,"href":"https:\/\/archive.sana.sy\/es\/index.php?rest_route=%2Fwp%2Fv2%2Fcategories&post=89914"},{"taxonomy":"post_tag","embeddable":true,"href":"https:\/\/archive.sana.sy\/es\/index.php?rest_route=%2Fwp%2Fv2%2Ftags&post=89914"}],"curies":[{"name":"wp","href":"https:\/\/api.w.org\/{rel}","templated":true}]}}