{"id":89925,"date":"2018-09-26T18:37:44","date_gmt":"2018-09-26T15:37:44","guid":{"rendered":"http:\/\/www.sana.sy\/es\/?p=89925"},"modified":"2018-09-26T18:56:26","modified_gmt":"2018-09-26T15:56:26","slug":"nuevo-lote-de-desplazados-regresan-a-sus-hogares-a-traves-del-paso-de-abou-al-duhur","status":"publish","type":"post","link":"https:\/\/archive.sana.sy\/es\/?p=89925","title":{"rendered":"Desplazados regresa a sus hogares a trav\u00e9s del paso de Abou al Duhur"},"content":{"rendered":"<p style=\"text-align: justify\"><span style=\"color: #800000\">Idleb, SANA<\/span><\/p>\n<p style=\"text-align: justify\">A trav\u00e9s del paso de Abou al Duhur situado en los extremos del campo sureste de la provincia de Idleb, decenas de familias procedentes de zonas dominadas por los grupos terroristas han regresado este mi\u00e9rcoles a sus localidades y pueblos que fueron liberados por el Ej\u00e9rcito sirio.<\/p>\n<p style=\"text-align: justify\">En este contexto, el reportero de SANA precis\u00f3 que el Ej\u00e9rcito sirio recibi\u00f3 esta tarde a un grupo de desplazados en el paso de Abou al Duhur, los cuales fueron transportados en autobuses a sus hogares en los campos de Alepo, Hama e Idleb, despu\u00e9s de brindarles los servicios y la atenci\u00f3n adecuada.<\/p>\n<p style=\"text-align: justify\">Los civiles expresaron su apoyo al Ej\u00e9rcito en su lucha antiterrorista, as\u00ed como su disposici\u00f3n a participar en el proceso de reconstrucci\u00f3n del pa\u00eds.<\/p>\n<p style=\"text-align: justify\">Es de se\u00f1alar que durante los \u00faltimos meses miles de pobladores de los campos de Alepo, Idleb y Hama regresaron a sus localidades despu\u00e9s de que fueran liberadas del terrorismo.<\/p>\n<div id='gallery-1' class='gallery galleryid-89925 gallery-columns-3 gallery-size-thumbnail'><figure class='gallery-item'>\n\t\t\t<div class='gallery-icon landscape'>\n\t\t\t\t<a href='https:\/\/archive.sana.sy\/es\/wp-content\/uploads\/2018\/09\/IMG_20180926_164934.jpg'><img loading=\"lazy\" decoding=\"async\" width=\"150\" height=\"102\" src=\"https:\/\/archive.sana.sy\/es\/wp-content\/uploads\/2018\/09\/IMG_20180926_164934-150x102.jpg\" class=\"attachment-thumbnail size-thumbnail\" alt=\"\" srcset=\"https:\/\/archive.sana.sy\/es\/wp-content\/uploads\/2018\/09\/IMG_20180926_164934-150x102.jpg 150w, https:\/\/archive.sana.sy\/es\/wp-content\/uploads\/2018\/09\/IMG_20180926_164934-300x204.jpg 300w, https:\/\/archive.sana.sy\/es\/wp-content\/uploads\/2018\/09\/IMG_20180926_164934-768x521.jpg 768w, https:\/\/archive.sana.sy\/es\/wp-content\/uploads\/2018\/09\/IMG_20180926_164934-1024x695.jpg 1024w, https:\/\/archive.sana.sy\/es\/wp-content\/uploads\/2018\/09\/IMG_20180926_164934-110x75.jpg 110w, https:\/\/archive.sana.sy\/es\/wp-content\/uploads\/2018\/09\/IMG_20180926_164934.jpg 1200w\" sizes=\"(max-width: 150px) 100vw, 150px\" \/><\/a>\n\t\t\t<\/div><\/figure><figure class='gallery-item'>\n\t\t\t<div class='gallery-icon landscape'>\n\t\t\t\t<a href='https:\/\/archive.sana.sy\/es\/wp-content\/uploads\/2018\/09\/IMG_20180926_164843.jpg'><img loading=\"lazy\" decoding=\"async\" width=\"150\" height=\"103\" src=\"https:\/\/archive.sana.sy\/es\/wp-content\/uploads\/2018\/09\/IMG_20180926_164843-150x103.jpg\" class=\"attachment-thumbnail size-thumbnail\" alt=\"\" srcset=\"https:\/\/archive.sana.sy\/es\/wp-content\/uploads\/2018\/09\/IMG_20180926_164843-150x103.jpg 150w, https:\/\/archive.sana.sy\/es\/wp-content\/uploads\/2018\/09\/IMG_20180926_164843-300x205.jpg 300w, https:\/\/archive.sana.sy\/es\/wp-content\/uploads\/2018\/09\/IMG_20180926_164843-768x525.jpg 768w, https:\/\/archive.sana.sy\/es\/wp-content\/uploads\/2018\/09\/IMG_20180926_164843-1024x701.jpg 1024w, https:\/\/archive.sana.sy\/es\/wp-content\/uploads\/2018\/09\/IMG_20180926_164843-110x75.jpg 110w, https:\/\/archive.sana.sy\/es\/wp-content\/uploads\/2018\/09\/IMG_20180926_164843.jpg 1200w\" sizes=\"(max-width: 150px) 100vw, 150px\" \/><\/a>\n\t\t\t<\/div><\/figure><figure class='gallery-item'>\n\t\t\t<div class='gallery-icon landscape'>\n\t\t\t\t<a href='https:\/\/archive.sana.sy\/es\/wp-content\/uploads\/2018\/09\/IMG_20180926_164834.jpg'><img loading=\"lazy\" decoding=\"async\" width=\"150\" height=\"102\" src=\"https:\/\/archive.sana.sy\/es\/wp-content\/uploads\/2018\/09\/IMG_20180926_164834-150x102.jpg\" class=\"attachment-thumbnail size-thumbnail\" alt=\"\" srcset=\"https:\/\/archive.sana.sy\/es\/wp-content\/uploads\/2018\/09\/IMG_20180926_164834-150x102.jpg 150w, https:\/\/archive.sana.sy\/es\/wp-content\/uploads\/2018\/09\/IMG_20180926_164834-300x204.jpg 300w, https:\/\/archive.sana.sy\/es\/wp-content\/uploads\/2018\/09\/IMG_20180926_164834-768x521.jpg 768w, https:\/\/archive.sana.sy\/es\/wp-content\/uploads\/2018\/09\/IMG_20180926_164834-1024x695.jpg 1024w, https:\/\/archive.sana.sy\/es\/wp-content\/uploads\/2018\/09\/IMG_20180926_164834-110x75.jpg 110w, https:\/\/archive.sana.sy\/es\/wp-content\/uploads\/2018\/09\/IMG_20180926_164834.jpg 1200w\" sizes=\"(max-width: 150px) 100vw, 150px\" \/><\/a>\n\t\t\t<\/div><\/figure>\n\t\t<\/div>\n\n<p style=\"text-align: justify\">Lynn A.<\/p>\n","protected":false},"excerpt":{"rendered":"<p>Idleb, SANA A trav\u00e9s del paso de Abou al Duhur situado en los extremos del campo sureste de la provincia de Idleb, decenas de familias procedentes de zonas dominadas por los grupos terroristas han regresado este mi\u00e9rcoles a sus localidades y pueblos que fueron liberados por el Ej\u00e9rcito sirio. En este contexto, el reportero de &hellip;<\/p>\n","protected":false},"author":24,"featured_media":89928,"comment_status":"closed","ping_status":"closed","sticky":false,"template":"","format":"standard","meta":{"footnotes":""},"categories":[597,476,7541],"tags":[],"class_list":["post-89925","post","type-post","status-publish","format-standard","has-post-thumbnail","","category-cinta-de-noticias","category-locales","category-ultimas-noticias"],"_links":{"self":[{"href":"https:\/\/archive.sana.sy\/es\/index.php?rest_route=\/wp\/v2\/posts\/89925"}],"collection":[{"href":"https:\/\/archive.sana.sy\/es\/index.php?rest_route=\/wp\/v2\/posts"}],"about":[{"href":"https:\/\/archive.sana.sy\/es\/index.php?rest_route=\/wp\/v2\/types\/post"}],"author":[{"embeddable":true,"href":"https:\/\/archive.sana.sy\/es\/index.php?rest_route=\/wp\/v2\/users\/24"}],"replies":[{"embeddable":true,"href":"https:\/\/archive.sana.sy\/es\/index.php?rest_route=%2Fwp%2Fv2%2Fcomments&post=89925"}],"version-history":[{"count":0,"href":"https:\/\/archive.sana.sy\/es\/index.php?rest_route=\/wp\/v2\/posts\/89925\/revisions"}],"wp:featuredmedia":[{"embeddable":true,"href":"https:\/\/archive.sana.sy\/es\/index.php?rest_route=\/wp\/v2\/media\/89928"}],"wp:attachment":[{"href":"https:\/\/archive.sana.sy\/es\/index.php?rest_route=%2Fwp%2Fv2%2Fmedia&parent=89925"}],"wp:term":[{"taxonomy":"category","embeddable":true,"href":"https:\/\/archive.sana.sy\/es\/index.php?rest_route=%2Fwp%2Fv2%2Fcategories&post=89925"},{"taxonomy":"post_tag","embeddable":true,"href":"https:\/\/archive.sana.sy\/es\/index.php?rest_route=%2Fwp%2Fv2%2Ftags&post=89925"}],"curies":[{"name":"wp","href":"https:\/\/api.w.org\/{rel}","templated":true}]}}