{"id":89963,"date":"2018-09-27T05:26:27","date_gmt":"2018-09-27T02:26:27","guid":{"rendered":"http:\/\/www.sana.sy\/es\/?p=89963"},"modified":"2018-09-28T17:28:44","modified_gmt":"2018-09-28T14:28:44","slug":"cancilleres-de-rusia-iran-y-turquia-repasan-perspectivas-para-resolver-la-crisis-en-siria","status":"publish","type":"post","link":"https:\/\/archive.sana.sy\/es\/?p=89963","title":{"rendered":"Cancilleres de Rusia, Ir\u00e1n y Turqu\u00eda repasan perspectivas para resolver la crisis en Siria"},"content":{"rendered":"<p style=\"text-align: justify;\"><span style=\"color: #800000;\">Nueva York, SANA<\/span><\/p>\n<p style=\"text-align: justify;\">Los ministros de Exteriores de Rusia, Ir\u00e1n y el r\u00e9gimen turco discutieron las perspectivas de resolver la crisis en Siria.<\/p>\n<p style=\"text-align: justify;\">Un comunicado del Ministerio de Exteriores ruso, citado por la agencia de noticias Interfax, inform\u00f3 que el canciller ruso, Sergei Lavrov, y de Ir\u00e1n, Mohammad Javad Zarif, y del r\u00e9gimen turco, Muluod Jawish Ihsanoglu, debatieron en una reuni\u00f3n sostenida en Nueva York, las perspectivas para el lanzamiento de un verdadero proceso sostenible para la soluci\u00f3n pol\u00edtica de la crisis en Siria y la situaci\u00f3n sobre el terreno, especialmente en la zona de distensi\u00f3n de Idleb.<\/p>\n<p style=\"text-align: justify;\">El comunicado explic\u00f3 que &#8220;los participantes en la reuni\u00f3n expresaron su satisfacci\u00f3n por los acuerdos alcanzados en Sochi el 17 de septiembre sobre la estabilidad de la situaci\u00f3n en Idleb, lo que permite continuar la lucha contra el terrorismo sin descanso y la protecci\u00f3n de los civiles&#8221;.<\/p>\n<p style=\"text-align: justify;\">Reiter\u00f3 que es necesario acelerar el trabajo para resolver la crisis en Siria sobre la base de los resultados de la Conferencia de Di\u00e1logo Nacional sirio celebrada en Sochi, Rusia, y la Resoluci\u00f3n No. 2254 del Consejo de Seguridad de la ONU.<\/p>\n<p><span style=\"color: #0000ff;\">F. Marouf\/ Dr. A. Shaban\u00a0<\/span><\/p>\n","protected":false},"excerpt":{"rendered":"<p>Nueva York, SANA Los ministros de Exteriores de Rusia, Ir\u00e1n y el r\u00e9gimen turco discutieron las perspectivas de resolver la crisis en Siria. Un comunicado del Ministerio de Exteriores ruso, citado por la agencia de noticias Interfax, inform\u00f3 que el canciller ruso, Sergei Lavrov, y de Ir\u00e1n, Mohammad Javad Zarif, y del r\u00e9gimen turco, Muluod &hellip;<\/p>\n","protected":false},"author":1,"featured_media":89964,"comment_status":"closed","ping_status":"closed","sticky":false,"template":"","format":"standard","meta":{"footnotes":""},"categories":[597,576,467,7541],"tags":[12761],"class_list":["post-89963","post","type-post","status-publish","format-standard","has-post-thumbnail","","category-cinta-de-noticias","category-noticias-politicas","category-siria-y-el-mundo","category-ultimas-noticias","tag-cancilleres-de-rusia-iran-y-turquia-repasan-perspectivas-para-resolver-la-crisis-en-siria"],"_links":{"self":[{"href":"https:\/\/archive.sana.sy\/es\/index.php?rest_route=\/wp\/v2\/posts\/89963"}],"collection":[{"href":"https:\/\/archive.sana.sy\/es\/index.php?rest_route=\/wp\/v2\/posts"}],"about":[{"href":"https:\/\/archive.sana.sy\/es\/index.php?rest_route=\/wp\/v2\/types\/post"}],"author":[{"embeddable":true,"href":"https:\/\/archive.sana.sy\/es\/index.php?rest_route=\/wp\/v2\/users\/1"}],"replies":[{"embeddable":true,"href":"https:\/\/archive.sana.sy\/es\/index.php?rest_route=%2Fwp%2Fv2%2Fcomments&post=89963"}],"version-history":[{"count":0,"href":"https:\/\/archive.sana.sy\/es\/index.php?rest_route=\/wp\/v2\/posts\/89963\/revisions"}],"wp:featuredmedia":[{"embeddable":true,"href":"https:\/\/archive.sana.sy\/es\/index.php?rest_route=\/wp\/v2\/media\/89964"}],"wp:attachment":[{"href":"https:\/\/archive.sana.sy\/es\/index.php?rest_route=%2Fwp%2Fv2%2Fmedia&parent=89963"}],"wp:term":[{"taxonomy":"category","embeddable":true,"href":"https:\/\/archive.sana.sy\/es\/index.php?rest_route=%2Fwp%2Fv2%2Fcategories&post=89963"},{"taxonomy":"post_tag","embeddable":true,"href":"https:\/\/archive.sana.sy\/es\/index.php?rest_route=%2Fwp%2Fv2%2Ftags&post=89963"}],"curies":[{"name":"wp","href":"https:\/\/api.w.org\/{rel}","templated":true}]}}