{"id":89967,"date":"2018-09-27T13:19:57","date_gmt":"2018-09-27T10:19:57","guid":{"rendered":"http:\/\/www.sana.sy\/es\/?p=89967"},"modified":"2018-09-28T20:38:51","modified_gmt":"2018-09-28T17:38:51","slug":"ejercito-abate-a-francotiradores-del-daesh-en-el-desierto-de-sweida","status":"publish","type":"post","link":"https:\/\/archive.sana.sy\/es\/?p=89967","title":{"rendered":"Ej\u00e9rcito abate a francotiradores del Daesh en el desierto de Sweida"},"content":{"rendered":"<p style=\"text-align: justify;\"><span style=\"color: #800000;\">Sweida, SANA<\/span><\/p>\n<p style=\"text-align: justify;\">Fuerzas del Ej\u00e9rcito sirio y sus aliados lograron nuevos avances en sus combates contra las bandas del grupo terrorista Daesh en los montes volc\u00e1nico de Al-Safa, en el desierto este de la provincia siria de Sweida.<\/p>\n<p style=\"text-align: justify;\">Un oficial de operaciones declar\u00f3 a SANA que los uniformados sirios libraron violentos choques con los terroristas del Daesh atrincherados en las cavernas, cuevas y grietas rocosas y bas\u00e1lticas en las zonas monta\u00f1osas de Al-Safa.<\/p>\n<p style=\"text-align: justify;\">Asimismo, el ej\u00e9rcito bombarde\u00f3 con artiller\u00eda y aviaci\u00f3n las fortificaciones de los terroristas con el fin de romper sus l\u00edneas de defensa.<\/p>\n<p style=\"text-align: justify;\">El oficial inform\u00f3 que fueron eliminados varios francotiradores del Daesh que imped\u00edan el avance de la infanter\u00eda.<\/p>\n<p style=\"text-align: justify;\">De igual manera, fueron cortadas todas las fuentes de agua y las rutas por las cuales los terroristas del Daesh intentaban huirse del cerco impuesto por el ej\u00e9rcito.<\/p>\n<p style=\"text-align: justify;\"><span style=\"color: #0000ff;\">F. Marouf\/ Dr. A. Shaban<\/span><\/p>\n","protected":false},"excerpt":{"rendered":"<p>Sweida, SANA Fuerzas del Ej\u00e9rcito sirio y sus aliados lograron nuevos avances en sus combates contra las bandas del grupo terrorista Daesh en los montes volc\u00e1nico de Al-Safa, en el desierto este de la provincia siria de Sweida. Un oficial de operaciones declar\u00f3 a SANA que los uniformados sirios libraron violentos choques con los terroristas &hellip;<\/p>\n","protected":false},"author":1,"featured_media":89968,"comment_status":"closed","ping_status":"closed","sticky":false,"template":"","format":"standard","meta":{"footnotes":""},"categories":[597,573,7541],"tags":[12762],"class_list":["post-89967","post","type-post","status-publish","format-standard","has-post-thumbnail","","category-cinta-de-noticias","category-la-realidad-de-los-acontecimientos-en-siria","category-ultimas-noticias","tag-ejercito-abate-a-francotiradores-del-daesh-en-el-desierto-de-sweida"],"_links":{"self":[{"href":"https:\/\/archive.sana.sy\/es\/index.php?rest_route=\/wp\/v2\/posts\/89967"}],"collection":[{"href":"https:\/\/archive.sana.sy\/es\/index.php?rest_route=\/wp\/v2\/posts"}],"about":[{"href":"https:\/\/archive.sana.sy\/es\/index.php?rest_route=\/wp\/v2\/types\/post"}],"author":[{"embeddable":true,"href":"https:\/\/archive.sana.sy\/es\/index.php?rest_route=\/wp\/v2\/users\/1"}],"replies":[{"embeddable":true,"href":"https:\/\/archive.sana.sy\/es\/index.php?rest_route=%2Fwp%2Fv2%2Fcomments&post=89967"}],"version-history":[{"count":0,"href":"https:\/\/archive.sana.sy\/es\/index.php?rest_route=\/wp\/v2\/posts\/89967\/revisions"}],"wp:featuredmedia":[{"embeddable":true,"href":"https:\/\/archive.sana.sy\/es\/index.php?rest_route=\/wp\/v2\/media\/89968"}],"wp:attachment":[{"href":"https:\/\/archive.sana.sy\/es\/index.php?rest_route=%2Fwp%2Fv2%2Fmedia&parent=89967"}],"wp:term":[{"taxonomy":"category","embeddable":true,"href":"https:\/\/archive.sana.sy\/es\/index.php?rest_route=%2Fwp%2Fv2%2Fcategories&post=89967"},{"taxonomy":"post_tag","embeddable":true,"href":"https:\/\/archive.sana.sy\/es\/index.php?rest_route=%2Fwp%2Fv2%2Ftags&post=89967"}],"curies":[{"name":"wp","href":"https:\/\/api.w.org\/{rel}","templated":true}]}}