{"id":89991,"date":"2018-09-28T14:15:23","date_gmt":"2018-09-28T11:15:23","guid":{"rendered":"http:\/\/www.sana.sy\/es\/?p=89991"},"modified":"2018-09-28T15:00:09","modified_gmt":"2018-09-28T12:00:09","slug":"el-ministro-de-electricidad-desde-teheran-un-proyecto-de-cooperacion-con-iran-para-la-creacion-de-una-planta-generadora-en-latakia","status":"publish","type":"post","link":"https:\/\/archive.sana.sy\/es\/?p=89991","title":{"rendered":"El ministro de Electricidad desde Teher\u00e1n: un proyecto de cooperaci\u00f3n con Ir\u00e1n para la creaci\u00f3n de una planta generadora en Latakia"},"content":{"rendered":"<p style=\"text-align: justify;\"><span style=\"color: #800000;\">Teher\u00e1n, SANA<\/span><\/p>\n<p style=\"text-align: justify;\">El ministro de Electricidad Ing. Mohamed Zuheir Kharboutli anunci\u00f3 a su arribo a Teher\u00e1n hoy que examinar\u00e1 con los funcionarios iran\u00edes la ejecuci\u00f3n de proyectos de cooperaci\u00f3n estrat\u00e9gica en el \u00e1mbito de la electricidad entre Siria e Ir\u00e1n, entre ellos un proyecto de contrato con la empresa MBNA para la instauraci\u00f3n de una planta generadora de electricidad en la provincia de Latakia.<\/p>\n<p style=\"text-align: justify;\">&#8220;El proyecto de la planta generadora en Latakia es importante y estrat\u00e9gico para el sistema el\u00e9ctrico en Siria en general sobre todo en la zona costera&#8221;, agreg\u00f3 se\u00f1alando adem\u00e1s el incremento de la demanda energ\u00e9tica y que la planta de Banias alimenta la regi\u00f3n en un 60% de la demanda solamente.<\/p>\n<p style=\"text-align: justify;\">El titular explic\u00f3 que la planta prometida tendr\u00e1 la potencia de 540 megavatios y costar\u00e1 unos 213 mil millones de libras sirias.<\/p>\n<p style=\"text-align: justify;\">Kharboutli se\u00f1al\u00f3 que la empresa MBNA hab\u00eda visitado antes el sitio del proyecto que ocupar\u00e1 una superficie de 40 hect\u00e1reas.<\/p>\n<p style=\"text-align: justify;\"><span style=\"color: #0000ff;\">Riad Sh.\/ Dr. A. Shaban\u00a0<\/span><\/p>\n","protected":false},"excerpt":{"rendered":"<p>Teher\u00e1n, SANA El ministro de Electricidad Ing. Mohamed Zuheir Kharboutli anunci\u00f3 a su arribo a Teher\u00e1n hoy que examinar\u00e1 con los funcionarios iran\u00edes la ejecuci\u00f3n de proyectos de cooperaci\u00f3n estrat\u00e9gica en el \u00e1mbito de la electricidad entre Siria e Ir\u00e1n, entre ellos un proyecto de contrato con la empresa MBNA para la instauraci\u00f3n de una &hellip;<\/p>\n","protected":false},"author":1,"featured_media":89992,"comment_status":"closed","ping_status":"closed","sticky":false,"template":"","format":"standard","meta":{"footnotes":""},"categories":[597,467,7541],"tags":[12766],"class_list":["post-89991","post","type-post","status-publish","format-standard","has-post-thumbnail","","category-cinta-de-noticias","category-siria-y-el-mundo","category-ultimas-noticias","tag-el-ministro-de-electricidad-desde-teheran-un-proyecto-de-cooperacion-con-iran-para-la-creacion-de-una-planta-generadora-en-latakia"],"_links":{"self":[{"href":"https:\/\/archive.sana.sy\/es\/index.php?rest_route=\/wp\/v2\/posts\/89991"}],"collection":[{"href":"https:\/\/archive.sana.sy\/es\/index.php?rest_route=\/wp\/v2\/posts"}],"about":[{"href":"https:\/\/archive.sana.sy\/es\/index.php?rest_route=\/wp\/v2\/types\/post"}],"author":[{"embeddable":true,"href":"https:\/\/archive.sana.sy\/es\/index.php?rest_route=\/wp\/v2\/users\/1"}],"replies":[{"embeddable":true,"href":"https:\/\/archive.sana.sy\/es\/index.php?rest_route=%2Fwp%2Fv2%2Fcomments&post=89991"}],"version-history":[{"count":0,"href":"https:\/\/archive.sana.sy\/es\/index.php?rest_route=\/wp\/v2\/posts\/89991\/revisions"}],"wp:featuredmedia":[{"embeddable":true,"href":"https:\/\/archive.sana.sy\/es\/index.php?rest_route=\/wp\/v2\/media\/89992"}],"wp:attachment":[{"href":"https:\/\/archive.sana.sy\/es\/index.php?rest_route=%2Fwp%2Fv2%2Fmedia&parent=89991"}],"wp:term":[{"taxonomy":"category","embeddable":true,"href":"https:\/\/archive.sana.sy\/es\/index.php?rest_route=%2Fwp%2Fv2%2Fcategories&post=89991"},{"taxonomy":"post_tag","embeddable":true,"href":"https:\/\/archive.sana.sy\/es\/index.php?rest_route=%2Fwp%2Fv2%2Ftags&post=89991"}],"curies":[{"name":"wp","href":"https:\/\/api.w.org\/{rel}","templated":true}]}}