{"id":89995,"date":"2018-09-28T17:28:35","date_gmt":"2018-09-28T14:28:35","guid":{"rendered":"http:\/\/www.sana.sy\/es\/?p=89995"},"modified":"2018-09-29T14:15:51","modified_gmt":"2018-09-29T11:15:51","slug":"en-medio-de-una-atmosfera-alegre-se-desarrollo-el-maraton-amo-a-alepo","status":"publish","type":"post","link":"https:\/\/archive.sana.sy\/es\/?p=89995","title":{"rendered":"En medio de una atm\u00f3sfera alegre, se desarroll\u00f3 el marat\u00f3n &#8220;Amo a Alepo&#8221;"},"content":{"rendered":"<p style=\"text-align: justify;\"><span style=\"color: #800000;\">Alepo, SANA<\/span><\/p>\n<p style=\"text-align: justify;\">Con la participaci\u00f3n de voluntarios de varias organizaciones, asociaciones civiles y un n\u00famero de hijos de m\u00e1rtires se desarroll\u00f3 hoy el marat\u00f3n &#8220;Amo a Alepo&#8221; que fue establecido por el Directorio de Turismo de Alepo en cooperaci\u00f3n con el Equipo de Voluntarios de la Juventud de Alepo con motivo del D\u00eda Mundial del Turismo.<\/p>\n<p style=\"text-align: justify;\">Los participantes en el marat\u00f3n se reunieron cerca de la Ciudadela de Alepo frente a Khan al-Wazir y se dirigieron hacia la Mezquita de los Omeyas hasta la rotonda de las &#8220;Siete Lagunas&#8221; y la Plaza Saadallah al-Jabiri frente al monumento de (Amo a Alepo) donde se desplegaron los colores en una atm\u00f3sfera de alegr\u00eda.<\/p>\n<p style=\"text-align: justify;\">El ministro de Turismo, Bishr Yazigi, dijo en una declaraci\u00f3n a SANA que los habitantes de Alepo reafirman en cada evento su amor por su ciudad mejorando el pulso de la vida, al tiempo que resaltan el papel de los j\u00f3venes de Alepo en la restauraci\u00f3n de la antigua ciudad donde se lanz\u00f3 el marat\u00f3n.<\/p>\n<p style=\"text-align: justify;\">Eso viene en el marco de la restauraci\u00f3n de la capital industrial de Siria y la Capital de la Cultura Isl\u00e1mica gracias a los esfuerzos del ej\u00e9rcito \u00e1rabe sirio.<\/p>\n<p style=\"text-align: justify;\"><span style=\"color: #0000ff;\">Ammar H.\/ Riad Sh.<\/span><\/p>\n<div id='gallery-1' class='gallery galleryid-89995 gallery-columns-1 gallery-size-full'><figure class='gallery-item'>\n\t\t\t<div class='gallery-icon landscape'>\n\t\t\t\t<a href='https:\/\/archive.sana.sy\/es\/wp-content\/uploads\/2018\/09\/1-19.jpg'><img loading=\"lazy\" decoding=\"async\" width=\"1200\" height=\"800\" src=\"https:\/\/archive.sana.sy\/es\/wp-content\/uploads\/2018\/09\/1-19.jpg\" class=\"attachment-full size-full\" alt=\"\" srcset=\"https:\/\/archive.sana.sy\/es\/wp-content\/uploads\/2018\/09\/1-19.jpg 1200w, https:\/\/archive.sana.sy\/es\/wp-content\/uploads\/2018\/09\/1-19-150x100.jpg 150w, https:\/\/archive.sana.sy\/es\/wp-content\/uploads\/2018\/09\/1-19-300x200.jpg 300w, https:\/\/archive.sana.sy\/es\/wp-content\/uploads\/2018\/09\/1-19-768x512.jpg 768w, https:\/\/archive.sana.sy\/es\/wp-content\/uploads\/2018\/09\/1-19-1024x683.jpg 1024w\" sizes=\"(max-width: 1200px) 100vw, 1200px\" \/><\/a>\n\t\t\t<\/div><\/figure><figure class='gallery-item'>\n\t\t\t<div class='gallery-icon landscape'>\n\t\t\t\t<a href='https:\/\/archive.sana.sy\/es\/wp-content\/uploads\/2018\/09\/2-15.jpg'><img loading=\"lazy\" decoding=\"async\" width=\"1200\" height=\"800\" src=\"https:\/\/archive.sana.sy\/es\/wp-content\/uploads\/2018\/09\/2-15.jpg\" class=\"attachment-full size-full\" alt=\"\" srcset=\"https:\/\/archive.sana.sy\/es\/wp-content\/uploads\/2018\/09\/2-15.jpg 1200w, https:\/\/archive.sana.sy\/es\/wp-content\/uploads\/2018\/09\/2-15-150x100.jpg 150w, https:\/\/archive.sana.sy\/es\/wp-content\/uploads\/2018\/09\/2-15-300x200.jpg 300w, https:\/\/archive.sana.sy\/es\/wp-content\/uploads\/2018\/09\/2-15-768x512.jpg 768w, https:\/\/archive.sana.sy\/es\/wp-content\/uploads\/2018\/09\/2-15-1024x683.jpg 1024w\" sizes=\"(max-width: 1200px) 100vw, 1200px\" \/><\/a>\n\t\t\t<\/div><\/figure><figure class='gallery-item'>\n\t\t\t<div class='gallery-icon landscape'>\n\t\t\t\t<a href='https:\/\/archive.sana.sy\/es\/wp-content\/uploads\/2018\/09\/3-13.jpg'><img loading=\"lazy\" decoding=\"async\" width=\"1200\" height=\"800\" src=\"https:\/\/archive.sana.sy\/es\/wp-content\/uploads\/2018\/09\/3-13.jpg\" class=\"attachment-full size-full\" alt=\"\" srcset=\"https:\/\/archive.sana.sy\/es\/wp-content\/uploads\/2018\/09\/3-13.jpg 1200w, https:\/\/archive.sana.sy\/es\/wp-content\/uploads\/2018\/09\/3-13-150x100.jpg 150w, https:\/\/archive.sana.sy\/es\/wp-content\/uploads\/2018\/09\/3-13-300x200.jpg 300w, https:\/\/archive.sana.sy\/es\/wp-content\/uploads\/2018\/09\/3-13-768x512.jpg 768w, https:\/\/archive.sana.sy\/es\/wp-content\/uploads\/2018\/09\/3-13-1024x683.jpg 1024w\" sizes=\"(max-width: 1200px) 100vw, 1200px\" \/><\/a>\n\t\t\t<\/div><\/figure>\n\t\t<\/div>\n\n","protected":false},"excerpt":{"rendered":"<p>Alepo, SANA Con la participaci\u00f3n de voluntarios de varias organizaciones, asociaciones civiles y un n\u00famero de hijos de m\u00e1rtires se desarroll\u00f3 hoy el marat\u00f3n &#8220;Amo a Alepo&#8221; que fue establecido por el Directorio de Turismo de Alepo en cooperaci\u00f3n con el Equipo de Voluntarios de la Juventud de Alepo con motivo del D\u00eda Mundial del &hellip;<\/p>\n","protected":false},"author":1,"featured_media":89996,"comment_status":"closed","ping_status":"closed","sticky":false,"template":"","format":"standard","meta":{"footnotes":""},"categories":[597,476,7541],"tags":[12767],"class_list":["post-89995","post","type-post","status-publish","format-standard","has-post-thumbnail","","category-cinta-de-noticias","category-locales","category-ultimas-noticias","tag-en-medio-de-una-atmosfera-alegre-se-desarrollo-el-maraton-amo-a-alepo"],"_links":{"self":[{"href":"https:\/\/archive.sana.sy\/es\/index.php?rest_route=\/wp\/v2\/posts\/89995"}],"collection":[{"href":"https:\/\/archive.sana.sy\/es\/index.php?rest_route=\/wp\/v2\/posts"}],"about":[{"href":"https:\/\/archive.sana.sy\/es\/index.php?rest_route=\/wp\/v2\/types\/post"}],"author":[{"embeddable":true,"href":"https:\/\/archive.sana.sy\/es\/index.php?rest_route=\/wp\/v2\/users\/1"}],"replies":[{"embeddable":true,"href":"https:\/\/archive.sana.sy\/es\/index.php?rest_route=%2Fwp%2Fv2%2Fcomments&post=89995"}],"version-history":[{"count":0,"href":"https:\/\/archive.sana.sy\/es\/index.php?rest_route=\/wp\/v2\/posts\/89995\/revisions"}],"wp:featuredmedia":[{"embeddable":true,"href":"https:\/\/archive.sana.sy\/es\/index.php?rest_route=\/wp\/v2\/media\/89996"}],"wp:attachment":[{"href":"https:\/\/archive.sana.sy\/es\/index.php?rest_route=%2Fwp%2Fv2%2Fmedia&parent=89995"}],"wp:term":[{"taxonomy":"category","embeddable":true,"href":"https:\/\/archive.sana.sy\/es\/index.php?rest_route=%2Fwp%2Fv2%2Fcategories&post=89995"},{"taxonomy":"post_tag","embeddable":true,"href":"https:\/\/archive.sana.sy\/es\/index.php?rest_route=%2Fwp%2Fv2%2Ftags&post=89995"}],"curies":[{"name":"wp","href":"https:\/\/api.w.org\/{rel}","templated":true}]}}