{"id":90001,"date":"2018-09-28T17:33:24","date_gmt":"2018-09-28T14:33:24","guid":{"rendered":"http:\/\/www.sana.sy\/es\/?p=90001"},"modified":"2018-09-28T17:33:24","modified_gmt":"2018-09-28T14:33:24","slug":"bogdanov-el-acuerdo-sobre-idleb-es-temporal","status":"publish","type":"post","link":"https:\/\/archive.sana.sy\/es\/?p=90001","title":{"rendered":"Bogdanov: El acuerdo sobre Idleb es temporal"},"content":{"rendered":"<p style=\"text-align: justify;\"><span style=\"color: #800000;\">Mosc\u00fa, SANA<\/span><\/p>\n<p style=\"text-align: justify;\">El Representante Especial del Presidente de la Federaci\u00f3n de Rusia para Oriente Medio y \u00c1frica, el Viceministro de Relaciones Exteriores, Mikhail Bogdanov, destac\u00f3 que el acuerdo sobre Idleb es temporal porque el objetivo es liberar todo el territorio sirio de la presencia de terroristas.<\/p>\n<p style=\"text-align: justify;\">&#8220;As\u00ed como el resto de las \u00e1reas de distensi\u00f3n bajo Astan\u00e1 4 fueron medidas temporales, tambi\u00e9n es una medida temporal porque todo el territorio sirio debe ser liberado de cualquier presencia terrorista&#8221;, dijo Bogdanov a los periodistas acerca del acuerdo sobre Idleb.<\/p>\n<p style=\"text-align: justify;\">&#8220;Hubo reuniones muy importantes, tanto en la f\u00f3rmula tripartita de Astan\u00e1, que llevaron a la conclusi\u00f3n de acuerdos muy importantes o el acuerdo alcanzado en Sochi sobre Idleb, y confiamos en que todos cumpliremos con los acuerdos alcanzados en los niveles m\u00e1s altos para que se implementen por completo&#8221; agreg\u00f3.<\/p>\n<p style=\"text-align: justify;\">Boris Dulgov, investigador principal del Instituto de Relaciones Econ\u00f3micas Internacionales, dijo que el acuerdo sobre Idleb es una prueba en que se pondr\u00e1 de manifiesto la seriedad del compromiso del r\u00e9gimen turco con la soluci\u00f3n pol\u00edtica a la crisis en Siria, ya que est\u00e1 afirmando trabajar por la soluci\u00f3n de la crisis como uno de las tres partes garantes del camino de Astan\u00e1 y apoya al mismo tiempo &#8220;algunos grupos armados en Idleb, incluidos los catalogados como terroristas&#8221;.<\/p>\n<p style=\"text-align: justify;\"><span style=\"color: #0000ff;\">Ammar H.\/ Riad Sh.<\/span><\/p>\n","protected":false},"excerpt":{"rendered":"<p>Mosc\u00fa, SANA El Representante Especial del Presidente de la Federaci\u00f3n de Rusia para Oriente Medio y \u00c1frica, el Viceministro de Relaciones Exteriores, Mikhail Bogdanov, destac\u00f3 que el acuerdo sobre Idleb es temporal porque el objetivo es liberar todo el territorio sirio de la presencia de terroristas. &#8220;As\u00ed como el resto de las \u00e1reas de distensi\u00f3n &hellip;<\/p>\n","protected":false},"author":1,"featured_media":90002,"comment_status":"closed","ping_status":"closed","sticky":false,"template":"","format":"standard","meta":{"footnotes":""},"categories":[597,467,7541],"tags":[12768],"class_list":["post-90001","post","type-post","status-publish","format-standard","has-post-thumbnail","","category-cinta-de-noticias","category-siria-y-el-mundo","category-ultimas-noticias","tag-bogdanov-el-acuerdo-sobre-idleb-es-temporal"],"_links":{"self":[{"href":"https:\/\/archive.sana.sy\/es\/index.php?rest_route=\/wp\/v2\/posts\/90001"}],"collection":[{"href":"https:\/\/archive.sana.sy\/es\/index.php?rest_route=\/wp\/v2\/posts"}],"about":[{"href":"https:\/\/archive.sana.sy\/es\/index.php?rest_route=\/wp\/v2\/types\/post"}],"author":[{"embeddable":true,"href":"https:\/\/archive.sana.sy\/es\/index.php?rest_route=\/wp\/v2\/users\/1"}],"replies":[{"embeddable":true,"href":"https:\/\/archive.sana.sy\/es\/index.php?rest_route=%2Fwp%2Fv2%2Fcomments&post=90001"}],"version-history":[{"count":0,"href":"https:\/\/archive.sana.sy\/es\/index.php?rest_route=\/wp\/v2\/posts\/90001\/revisions"}],"wp:featuredmedia":[{"embeddable":true,"href":"https:\/\/archive.sana.sy\/es\/index.php?rest_route=\/wp\/v2\/media\/90002"}],"wp:attachment":[{"href":"https:\/\/archive.sana.sy\/es\/index.php?rest_route=%2Fwp%2Fv2%2Fmedia&parent=90001"}],"wp:term":[{"taxonomy":"category","embeddable":true,"href":"https:\/\/archive.sana.sy\/es\/index.php?rest_route=%2Fwp%2Fv2%2Fcategories&post=90001"},{"taxonomy":"post_tag","embeddable":true,"href":"https:\/\/archive.sana.sy\/es\/index.php?rest_route=%2Fwp%2Fv2%2Ftags&post=90001"}],"curies":[{"name":"wp","href":"https:\/\/api.w.org\/{rel}","templated":true}]}}