{"id":90028,"date":"2018-09-28T16:19:55","date_gmt":"2018-09-28T13:19:55","guid":{"rendered":"http:\/\/www.sana.sy\/es\/?p=90028"},"modified":"2018-09-28T18:21:54","modified_gmt":"2018-09-28T15:21:54","slug":"estudiantes-sirios-en-cuba-renuevan-su-posicionamiento-junto-a-la-patria","status":"publish","type":"post","link":"https:\/\/archive.sana.sy\/es\/?p=90028","title":{"rendered":"Estudiantes sirios en Cuba renuevan su posicionamiento junto a la patria"},"content":{"rendered":"<p><span style=\"color: #800000;\">La Habana, SANA<\/span><\/p>\n<p>Los estudiantes sirios en Cuba renovaron su posici\u00f3n junto a su patria frente a la guerra terrorista que se libra en su contra, expresando su orgullo y aprecio por las brillantes victorias de su ej\u00e9rcito contra el terrorismo.<\/p>\n<p>Durante una reuni\u00f3n con el embajador sirio en Cuba, el Dr. Idris Mayya, en la embajada en la capital La Habana, los estudiantes resaltaron la firmeza y los sacrificios del pueblo y del ej\u00e9rcito \u00e1rabe sirio ante la guerra que se les impuso y expresaron su confianza en la victoria de Siria en su guerra contra el terrorismo.<\/p>\n<p>En la reuni\u00f3n, a la que asisti\u00f3 el jefe de la rama de la Uni\u00f3n Nacional de Estudiantes Sirios en Cuba, los estudiantes subrayaron la verdadera imagen de lo que est\u00e1 sucediendo en Siria y revelaron la falsedad de las campa\u00f1as medi\u00e1ticas lanzadas por los medios occidentales y exponiendo sus errores.<br \/>\n<span style=\"color: #0000ff;\">Ammar H.\/ Riad Sh.<\/span><\/p>\n","protected":false},"excerpt":{"rendered":"<p>La Habana, SANA Los estudiantes sirios en Cuba renovaron su posici\u00f3n junto a su patria frente a la guerra terrorista que se libra en su contra, expresando su orgullo y aprecio por las brillantes victorias de su ej\u00e9rcito contra el terrorismo. Durante una reuni\u00f3n con el embajador sirio en Cuba, el Dr. Idris Mayya, en &hellip;<\/p>\n","protected":false},"author":1,"featured_media":90029,"comment_status":"closed","ping_status":"closed","sticky":false,"template":"","format":"standard","meta":{"footnotes":""},"categories":[597,467,7541],"tags":[12774],"class_list":["post-90028","post","type-post","status-publish","format-standard","has-post-thumbnail","","category-cinta-de-noticias","category-siria-y-el-mundo","category-ultimas-noticias","tag-estudiantes-sirios-en-cuba-renuevan-su-posicionamiento-junto-a-la-patria"],"_links":{"self":[{"href":"https:\/\/archive.sana.sy\/es\/index.php?rest_route=\/wp\/v2\/posts\/90028"}],"collection":[{"href":"https:\/\/archive.sana.sy\/es\/index.php?rest_route=\/wp\/v2\/posts"}],"about":[{"href":"https:\/\/archive.sana.sy\/es\/index.php?rest_route=\/wp\/v2\/types\/post"}],"author":[{"embeddable":true,"href":"https:\/\/archive.sana.sy\/es\/index.php?rest_route=\/wp\/v2\/users\/1"}],"replies":[{"embeddable":true,"href":"https:\/\/archive.sana.sy\/es\/index.php?rest_route=%2Fwp%2Fv2%2Fcomments&post=90028"}],"version-history":[{"count":0,"href":"https:\/\/archive.sana.sy\/es\/index.php?rest_route=\/wp\/v2\/posts\/90028\/revisions"}],"wp:featuredmedia":[{"embeddable":true,"href":"https:\/\/archive.sana.sy\/es\/index.php?rest_route=\/wp\/v2\/media\/90029"}],"wp:attachment":[{"href":"https:\/\/archive.sana.sy\/es\/index.php?rest_route=%2Fwp%2Fv2%2Fmedia&parent=90028"}],"wp:term":[{"taxonomy":"category","embeddable":true,"href":"https:\/\/archive.sana.sy\/es\/index.php?rest_route=%2Fwp%2Fv2%2Fcategories&post=90028"},{"taxonomy":"post_tag","embeddable":true,"href":"https:\/\/archive.sana.sy\/es\/index.php?rest_route=%2Fwp%2Fv2%2Ftags&post=90028"}],"curies":[{"name":"wp","href":"https:\/\/api.w.org\/{rel}","templated":true}]}}