{"id":90067,"date":"2018-09-29T13:06:16","date_gmt":"2018-09-29T10:06:16","guid":{"rendered":"http:\/\/www.sana.sy\/es\/?p=90067"},"modified":"2018-09-29T13:37:46","modified_gmt":"2018-09-29T10:37:46","slug":"las-temperaturas-estan-por-encima-de-sus-promedios-y-tiempo-despejado-en-general","status":"publish","type":"post","link":"https:\/\/archive.sana.sy\/es\/?p=90067","title":{"rendered":"Las temperaturas est\u00e1n por encima de sus promedios y tiempo despejado en general"},"content":{"rendered":"<p style=\"text-align: justify;\"><span style=\"color: #800000;\">Damasco, SANA<\/span><\/p>\n<p style=\"text-align: justify;\">Las temperaturas permanecen por encima de sus promedios en unos 2-3 grados Celsius debido a la influencia de una depresi\u00f3n atmosf\u00e9rica superficial procedente de la direcci\u00f3n sudeste y que viene acompa\u00f1ada por una alta presi\u00f3n semitropical en las altas capas de la atm\u00f3sfera.<\/p>\n<p style=\"text-align: justify;\">El Directorio General de Meteorolog\u00eda en su parte de la ma\u00f1ana de hoy pronostica un tiempo despejado en general con la aparici\u00f3n de nubes dispersas, mientras que en las zonas orientales, el \u00c9ufrates y el Semidesierto (Badiya) el tiempo ser\u00e1 templado por la noche y se advierte de la formaci\u00f3n de niebla en las alturas monta\u00f1osas.<\/p>\n<p style=\"text-align: justify;\">El viento es inestable y sopla ligero desde el noreste y el mar es de liviano oleaje.<\/p>\n<p style=\"text-align: justify;\"><span style=\"color: #0000ff;\">Riad Sh.\u00a0<\/span><\/p>\n","protected":false},"excerpt":{"rendered":"<p>Damasco, SANA Las temperaturas permanecen por encima de sus promedios en unos 2-3 grados Celsius debido a la influencia de una depresi\u00f3n atmosf\u00e9rica superficial procedente de la direcci\u00f3n sudeste y que viene acompa\u00f1ada por una alta presi\u00f3n semitropical en las altas capas de la atm\u00f3sfera. El Directorio General de Meteorolog\u00eda en su parte de la &hellip;<\/p>\n","protected":false},"author":1,"featured_media":90068,"comment_status":"closed","ping_status":"closed","sticky":false,"template":"","format":"standard","meta":{"footnotes":""},"categories":[476],"tags":[12783],"class_list":["post-90067","post","type-post","status-publish","format-standard","has-post-thumbnail","","category-locales","tag-las-temperaturas-estan-por-encima-de-sus-promedios-y-tiempo-despejado-en-general"],"_links":{"self":[{"href":"https:\/\/archive.sana.sy\/es\/index.php?rest_route=\/wp\/v2\/posts\/90067"}],"collection":[{"href":"https:\/\/archive.sana.sy\/es\/index.php?rest_route=\/wp\/v2\/posts"}],"about":[{"href":"https:\/\/archive.sana.sy\/es\/index.php?rest_route=\/wp\/v2\/types\/post"}],"author":[{"embeddable":true,"href":"https:\/\/archive.sana.sy\/es\/index.php?rest_route=\/wp\/v2\/users\/1"}],"replies":[{"embeddable":true,"href":"https:\/\/archive.sana.sy\/es\/index.php?rest_route=%2Fwp%2Fv2%2Fcomments&post=90067"}],"version-history":[{"count":0,"href":"https:\/\/archive.sana.sy\/es\/index.php?rest_route=\/wp\/v2\/posts\/90067\/revisions"}],"wp:featuredmedia":[{"embeddable":true,"href":"https:\/\/archive.sana.sy\/es\/index.php?rest_route=\/wp\/v2\/media\/90068"}],"wp:attachment":[{"href":"https:\/\/archive.sana.sy\/es\/index.php?rest_route=%2Fwp%2Fv2%2Fmedia&parent=90067"}],"wp:term":[{"taxonomy":"category","embeddable":true,"href":"https:\/\/archive.sana.sy\/es\/index.php?rest_route=%2Fwp%2Fv2%2Fcategories&post=90067"},{"taxonomy":"post_tag","embeddable":true,"href":"https:\/\/archive.sana.sy\/es\/index.php?rest_route=%2Fwp%2Fv2%2Ftags&post=90067"}],"curies":[{"name":"wp","href":"https:\/\/api.w.org\/{rel}","templated":true}]}}