{"id":90100,"date":"2018-09-29T15:22:55","date_gmt":"2018-09-29T12:22:55","guid":{"rendered":"https:\/\/www.sana.sy\/es\/?p=90100"},"modified":"2018-09-30T12:43:10","modified_gmt":"2018-09-30T09:43:10","slug":"ejercito-fija-su-control-en-la-profundidad-de-las-quebradas-rocosas-en-los-cerros-pelados-de-al-safa","status":"publish","type":"post","link":"https:\/\/archive.sana.sy\/es\/?p=90100","title":{"rendered":"Ej\u00e9rcito fija su control en la profundidad de las Quebradas Rocosas en los cerros pelados de al-Safa"},"content":{"rendered":"<p style=\"text-align: justify;\"><span style=\"color: #800000;\">Suweida, SANA<\/span><\/p>\n<p style=\"text-align: justify;\">Unidades del ej\u00e9rcito \u00e1rabe sirio han fijado sus puntos militares en las zonas liberadas en la profundidad de las Quebradas Rocosas en la zona de las colinas de al-Safa, \u00faltimo reducto de los terroristas del Daesh en el despoblado oriental de Suweida.<\/p>\n<p style=\"text-align: justify;\">Nuestro reportero de guerra en Suweida inform\u00f3 que unidades del ej\u00e9rcito en colaboraci\u00f3n con las fuerzas coligadas han ampliado la franja de su control en la zona de las Quebradas Rocosas de naturaleza bas\u00e1ltica compleja e intransitable que est\u00e1 plagada de cuevas y cavernas.<\/p>\n<p style=\"text-align: justify;\">All\u00ed el ej\u00e9rcito extrem\u00f3 el control sobre quebradas y puntos estrat\u00e9gicos y pantanos en la periferia de la Tumba del Sheij Hssein tras violentos enfrentamientos con los terroristas de la organizaci\u00f3n Daesh en la regi\u00f3n.<\/p>\n<p style=\"text-align: justify;\">El periodista se\u00f1al\u00f3 que unidades del ej\u00e9rcito fijaron sus puntos en las zonas liberadas luego de causar numerosas bajas a los terroristas en medio de desmoronamientos y fugas entre sus filas dejando tras s\u00ed armas y municiones.<\/p>\n<p style=\"text-align: justify;\"><span style=\"color: #0000ff;\">Riad Sh.\u00a0<\/span><\/p>\n","protected":false},"excerpt":{"rendered":"<p>Suweida, SANA Unidades del ej\u00e9rcito \u00e1rabe sirio han fijado sus puntos militares en las zonas liberadas en la profundidad de las Quebradas Rocosas en la zona de las colinas de al-Safa, \u00faltimo reducto de los terroristas del Daesh en el despoblado oriental de Suweida. Nuestro reportero de guerra en Suweida inform\u00f3 que unidades del ej\u00e9rcito &hellip;<\/p>\n","protected":false},"author":1,"featured_media":90101,"comment_status":"closed","ping_status":"closed","sticky":false,"template":"","format":"standard","meta":{"footnotes":""},"categories":[597,573,7541],"tags":[12788],"class_list":["post-90100","post","type-post","status-publish","format-standard","has-post-thumbnail","","category-cinta-de-noticias","category-la-realidad-de-los-acontecimientos-en-siria","category-ultimas-noticias","tag-ejercito-fija-su-control-en-la-profundidad-de-las-quebradas-rocosas-en-los-cerros-pelados-de-al-safa"],"_links":{"self":[{"href":"https:\/\/archive.sana.sy\/es\/index.php?rest_route=\/wp\/v2\/posts\/90100"}],"collection":[{"href":"https:\/\/archive.sana.sy\/es\/index.php?rest_route=\/wp\/v2\/posts"}],"about":[{"href":"https:\/\/archive.sana.sy\/es\/index.php?rest_route=\/wp\/v2\/types\/post"}],"author":[{"embeddable":true,"href":"https:\/\/archive.sana.sy\/es\/index.php?rest_route=\/wp\/v2\/users\/1"}],"replies":[{"embeddable":true,"href":"https:\/\/archive.sana.sy\/es\/index.php?rest_route=%2Fwp%2Fv2%2Fcomments&post=90100"}],"version-history":[{"count":0,"href":"https:\/\/archive.sana.sy\/es\/index.php?rest_route=\/wp\/v2\/posts\/90100\/revisions"}],"wp:featuredmedia":[{"embeddable":true,"href":"https:\/\/archive.sana.sy\/es\/index.php?rest_route=\/wp\/v2\/media\/90101"}],"wp:attachment":[{"href":"https:\/\/archive.sana.sy\/es\/index.php?rest_route=%2Fwp%2Fv2%2Fmedia&parent=90100"}],"wp:term":[{"taxonomy":"category","embeddable":true,"href":"https:\/\/archive.sana.sy\/es\/index.php?rest_route=%2Fwp%2Fv2%2Fcategories&post=90100"},{"taxonomy":"post_tag","embeddable":true,"href":"https:\/\/archive.sana.sy\/es\/index.php?rest_route=%2Fwp%2Fv2%2Ftags&post=90100"}],"curies":[{"name":"wp","href":"https:\/\/api.w.org\/{rel}","templated":true}]}}