{"id":90103,"date":"2018-09-29T16:56:54","date_gmt":"2018-09-29T13:56:54","guid":{"rendered":"https:\/\/www.sana.sy\/es\/?p=90103"},"modified":"2023-01-10T15:16:21","modified_gmt":"2023-01-10T13:16:21","slug":"conversaciones-sirio-iranies-para-mejorar-la-cooperacion-estrategica-en-el-sector-electrico","status":"publish","type":"post","link":"https:\/\/archive.sana.sy\/es\/?p=90103","title":{"rendered":"Conversaciones sirio-iran\u00edes para mejorar la cooperaci\u00f3n estrat\u00e9gica en el sector el\u00e9ctrico"},"content":{"rendered":"<p style=\"text-align: justify;\"><span style=\"color: #800000;\">Teher\u00e1n, SANA<\/span><\/p>\n<p style=\"text-align: justify;\">El ministro de Electricidad, Mohamed Zuhair Kharbotli, repas\u00f3 en la capital Teher\u00e1n, con el Director General de la Compa\u00f1\u00eda iran\u00ed MBNA, Ali Abadi, las posibilidades de fortalecer la cooperaci\u00f3n estrat\u00e9gica entre los dos partes y ejecutar proyectos conjuntos en el campo de la generaci\u00f3n de electricidad.<\/p>\n<p style=\"text-align: justify;\">Ambas partes analizaron el contrato firmado entre el Ministerio de Electricidad y la Compa\u00f1\u00eda iran\u00ed para la construcci\u00f3n de una central el\u00e9ctrica en la provincia de Latakia con una capacidad de 540 MW por un valor aproximado de 411 millones de euros.<\/p>\n<p>Asimismo, se form\u00f3 un equipo de trabajo con la tarea de poner los \u00faltimos retoques para la entrada en vigencia del contrato.<\/p>\n<p>De igual manera, se examin\u00f3 el proyecto referente a la construcci\u00f3n de una central el\u00e9ctrica en la ciudad costera de Banias en la provincia de Tartous, con una capacidad de 34 MW.<\/p>\n<p>Las conversaciones trataron adem\u00e1s el aseguramiento de piezas de repuesto para la ampliaci\u00f3n de la central el\u00e9ctrica de Gandar en la provincia de Homs, y la reparaci\u00f3n de la termoel\u00e9ctrica de Alepo con capacidad de 400 MW.<\/p>\n<p>El ministro Kharboutli destac\u00f3 la importancia de implementaci\u00f3n del contrato de construcci\u00f3n de una central en Latakia, y tambi\u00e9n enfatiz\u00f3 en la necesidad de consolidar la cooperaci\u00f3n bilateral en el campo de proyectos estrat\u00e9gicos e infraestructura para la pr\u00f3xima fase de reconstrucci\u00f3n.<\/p>\n<p>Por su parte, el Director General de MBNA dijo que la compa\u00f1\u00eda est\u00e1 preparada para proporcionar diversos tipos de apoyo t\u00e9cnico y tecnol\u00f3gico al Ministerio de Electricidad sirio en todos sus proyectos.<\/p>\n<p>Expres\u00f3 la confianza que el pueblo sirio superar\u00e1 todas las dificultades y comenzar\u00e1 la etapa de reconstrucci\u00f3n con un gran \u00edmpetu.<\/p>\n<p style=\"text-align: justify;\"><span style=\"color: #0000ff;\">Ammar H.\/ Riad Sh.\/ F. M.<\/span><\/p>\n","protected":false},"excerpt":{"rendered":"<p>Teher\u00e1n, SANA El ministro de Electricidad, Mohamed Zuhair Kharbotli, repas\u00f3 en la capital Teher\u00e1n, con el Director General de la Compa\u00f1\u00eda iran\u00ed MBNA, Ali Abadi, las posibilidades de fortalecer la cooperaci\u00f3n estrat\u00e9gica entre los dos partes y ejecutar proyectos conjuntos en el campo de la generaci\u00f3n de electricidad. Ambas partes analizaron el contrato firmado entre &hellip;<\/p>\n","protected":false},"author":1,"featured_media":90104,"comment_status":"closed","ping_status":"closed","sticky":false,"template":"","format":"standard","meta":{"footnotes":""},"categories":[597,485,467,7541],"tags":[12789],"class_list":["post-90103","post","type-post","status-publish","format-standard","has-post-thumbnail","","category-cinta-de-noticias","category-informes-negocios-y-finanzas","category-siria-y-el-mundo","category-ultimas-noticias","tag-conversaciones-sirio-iranies-para-mejorar-la-cooperacion-estrategica-en-el-sector-electrico"],"_links":{"self":[{"href":"https:\/\/archive.sana.sy\/es\/index.php?rest_route=\/wp\/v2\/posts\/90103"}],"collection":[{"href":"https:\/\/archive.sana.sy\/es\/index.php?rest_route=\/wp\/v2\/posts"}],"about":[{"href":"https:\/\/archive.sana.sy\/es\/index.php?rest_route=\/wp\/v2\/types\/post"}],"author":[{"embeddable":true,"href":"https:\/\/archive.sana.sy\/es\/index.php?rest_route=\/wp\/v2\/users\/1"}],"replies":[{"embeddable":true,"href":"https:\/\/archive.sana.sy\/es\/index.php?rest_route=%2Fwp%2Fv2%2Fcomments&post=90103"}],"version-history":[{"count":0,"href":"https:\/\/archive.sana.sy\/es\/index.php?rest_route=\/wp\/v2\/posts\/90103\/revisions"}],"wp:featuredmedia":[{"embeddable":true,"href":"https:\/\/archive.sana.sy\/es\/index.php?rest_route=\/wp\/v2\/media\/90104"}],"wp:attachment":[{"href":"https:\/\/archive.sana.sy\/es\/index.php?rest_route=%2Fwp%2Fv2%2Fmedia&parent=90103"}],"wp:term":[{"taxonomy":"category","embeddable":true,"href":"https:\/\/archive.sana.sy\/es\/index.php?rest_route=%2Fwp%2Fv2%2Fcategories&post=90103"},{"taxonomy":"post_tag","embeddable":true,"href":"https:\/\/archive.sana.sy\/es\/index.php?rest_route=%2Fwp%2Fv2%2Ftags&post=90103"}],"curies":[{"name":"wp","href":"https:\/\/api.w.org\/{rel}","templated":true}]}}