{"id":90106,"date":"2018-09-29T18:17:47","date_gmt":"2018-09-29T15:17:47","guid":{"rendered":"https:\/\/www.sana.sy\/es\/?p=90106"},"modified":"2018-10-01T11:32:40","modified_gmt":"2018-10-01T08:32:40","slug":"al-mualem-estamos-decididos-a-depurar-nuestro-territorio-del-terrorismo-y-de-la-presencia-extranjera-ilegitima","status":"publish","type":"post","link":"https:\/\/archive.sana.sy\/es\/?p=90106","title":{"rendered":"Al-Mualem: estamos decididos a depurar nuestro territorio del terrorismo y de la presencia extranjera ileg\u00edtima"},"content":{"rendered":"<p style=\"text-align: justify;\"><span style=\"color: #800000;\">Nueva York, SANA <\/span><\/p>\n<p style=\"text-align: justify;\">El vicepresidente del Consejo de Ministros y ministro del Exterior y los Expatriados pronunci\u00f3 la palabra de Siria ante el 73\u00ba periodo de sesiones de la Asamblea General de la ONU en la que afirm\u00f3 que Siria est\u00e1 decidida a depurar todo su territorio de la lacra del terrorismo y de cualquier presencia extranjera ileg\u00edtima.<\/p>\n<p style=\"text-align: justify;\">Al-Mualem puso de relieve que la situaci\u00f3n sobre el terreno en Siria es ya m\u00e1s segura y estable, puesto que nuestra batalla contra el terrorismo esta a punto de terminar, detallando que paralelamente con el avance en la lucha antiterrorista y en los expedientes de reconstrucci\u00f3n y retorno de los desplazados podemos afirmar que Siria vela por impulsar adelante el trayecto pol\u00edtico aunque a la vez preservando las constantes nacionales principalmente en lo tocante a la preservaci\u00f3n de su soberan\u00eda, independencia e integridad como territorio y pueblo.<\/p>\n<p style=\"text-align: justify;\">Al comienzo de su alocuci\u00f3n, el canciller felicit\u00f3 al nuevo presidente de la Asamblea y a su pa\u00eds Ecuador y le dese\u00f3 \u00e9xito en su misi\u00f3n.<\/p>\n<p style=\"text-align: justify;\">Al-Mualem agreg\u00f3: \u201ccada vez que venimos a este foro internacional importante llevamos encima esperanzas y deseos de paz y estabilidad para cada rinc\u00f3n del mundo, y hoy nos aferramos m\u00e1s que nunca a este anhelo y confiamos en que la voluntad de los pueblos triunfar\u00e1\u2026 esta esperanza y esta fe emanan de una dura experiencia de siete a\u00f1os durante los cuales nuestro pueblo ha sufrido los horrores del terrorismo, no obstante los sirios no se dejaron doblegar por ese terrorismo ni por sus apoyos externos, sino m\u00e1s bien se mantuvieron firmes partiendo de su convicci\u00f3n de que su batalla es clave y existencial\u201d.<\/p>\n<p style=\"text-align: justify;\">\u201cContrariamente a las apuestas de algunos, hoy al cabo de m\u00e1s de siete a\u00f1os de guerra sucia anunciamos al mundo que la situaci\u00f3n sobre el terreno es ya m\u00e1s segura y estable pues nuestra batalla contra el terrorismo est\u00e1 a punto de concluir gracias a las haza\u00f1as del ej\u00e9rcito y la ayuda de aliados y amigos\u201d, precis\u00f3.<\/p>\n<p style=\"text-align: justify;\">El jefe de la diplomacia siria critic\u00f3 la Colaci\u00f3n Internacional ilegal comandada por EE.UU. que propag\u00f3 el caos, la matanza y la destrucci\u00f3n tal como hizo con la ciudad siria de al-Raqqa, y en otras zonas donde devast\u00f3 la infraestructura y las instalaciones de servicios, as\u00ed como cometi\u00f3 varias masacres contra los civiles lo cual constituye cr\u00edmenes de guerra codificados por el derecho internacional.<\/p>\n<p style=\"text-align: justify;\">Al-Mualem explic\u00f3 que las dimensiones y trasfondo de la situaci\u00f3n en Siria no se pueden separar del escenario internacional donde se escenifica una pugna entre dos ejes: uno que trata de propagar la paz, la estabilidad y el bienestar en el mundo y, otro que intenta implantar el desorden en las relaciones internacionales y persiste con la mentalidad de colonialismo y hegemon\u00eda por lograr sus intereses mezquinos.<\/p>\n<p style=\"text-align: justify;\">El alto funcionario asever\u00f3 que la situaci\u00f3n sobre el terreno es hoy m\u00e1s estable gracias a los logros contra el terrorismo y a la sombra de la labor constante del gobierno por rehabilitar las zonas saboteadas por el terrorismo donde la vida est\u00e1 volviendo a la normalidad y el terreno esta allanado ante el retorno voluntario de los refugiados sirios a su patria, lo cual \u2013afirm\u00f3- es una prioridad para la Estado sirio, sin embargo \u201calgunos estados occidentales partiendo de su rol sucio en la guerra siria obstaculizan el regreso de los desplazados condicionando el mismo al proceso pol\u00edtico.<\/p>\n<p style=\"text-align: justify;\">Al-Mualem dijo: \u201choy escribimos el \u00faltimo cap\u00edtulo de la crisis en Siria y los sirios est\u00e1n decididos a trabajar codo a codo por borrar las huellas de la guerra terrorista y reconstruir su pa\u00eds con sus manos y la pericia de sus cerebros, tanto los que han permanecido dentro como los que se han visto forzados a marcharse fuera del pa\u00eds\u201d.<\/p>\n<p style=\"text-align: justify;\">El vicepresidente del Consejo de Ministros afirm\u00f3 el inter\u00e9s del estado por impulsar el trayecto pol\u00edtico preservando a las vez las constantes nacionales referentes a la soberan\u00eda de la Rep\u00fablica \u00c1rabe Siria y su independencia e integridad territorial y demogr\u00e1fica. Sin embargo \u2013dijo- tratamos positivamente con las conclusiones de la Conferencia de Di\u00e1logo Sirio-sirio de Sochi las cuales estipulan la formaci\u00f3n de una comisi\u00f3n para debatir la actual constituci\u00f3n, aunque subrayamos que no hay que imponer ningunas condiciones o deducciones previas.<\/p>\n<p style=\"text-align: justify;\">Al-Mualem se\u00f1al\u00f3 que la guerra que hemos librado contra el terrorismo no solamente ha sido militar sino civ\u00edlica tambi\u00e9n\u2026 ha sido una batalla entre la cultura del extremismo y la cultura de la tolerancia.<br \/>\nEl mismo consider\u00f3 que el uso de las armas qu\u00edmicas bajo cualquier circunstancia es rechazado y condenable, por lo cual Siria se deshizo de sus armas qu\u00edmicas y cumpli\u00f3 con sus compromisos hacia la Organizaci\u00f3n de Prohibici\u00f3n de Armas Qu\u00edmicas (OPAQ).<\/p>\n<p style=\"text-align: justify;\">El jefe diplom\u00e1tico llam\u00f3 la atenci\u00f3n sobre un episodio terrorista sufrido por la provincia sure\u00f1a de Suweida donde en julio pasado sufri\u00f3 atentados suicidas a manos de elementos del Daesh venidos de la zona de Al-Tenf controlada por tropas estadounidenses que usufruct\u00faan el terrorismo para prolongar la crisis en Siria.<\/p>\n<p style=\"text-align: justify;\">En lo tocante al rol de Turqu\u00eda, al-Mualem critic\u00f3 las agendas del r\u00e9gimen turco quien se pas\u00f3 a la agresi\u00f3n directa contra varias ciudades y municipios en el norte de Siria en una violaci\u00f3n de la soberan\u00eda de nuestro pa\u00eds y su integridad territorial. Sin embargo \u201cesto no cejar\u00e1 en nuestro \u00e1nimo por recuperar la totalidad de nuestro territorio y depurarlo del terrorismo, sea mediante operaciones militares o reconciliaciones locales\u201d sentenci\u00f3.<\/p>\n<p style=\"text-align: justify;\">En otro aspecto, el canciller record\u00f3 que \u201cIsrael\u201d a\u00fan ocupa una parte querida de nuestro territorio que es el Gol\u00e1n sirio y \u201cnuestra poblaci\u00f3n all\u00ed todav\u00eda sufre sus pr\u00e1cticas represivas y agresivas\u201d, no obstante estamos decididos a recuperar el Gol\u00e1n hasta las l\u00edneas del 4 de julio de 1967. Mientras tanto \u201cSiria exige a la comunidad internacional a moverse por poner fin a dichas pr\u00e1cticas y obligar a \u201cIsrael\u201d a efectuar las resoluciones de Naciones Unidas; la ONU tambi\u00e9n est\u00e1 llamada a darle al pueblo palestino la posibilidad de crear su estado independiente con su capital en Jerusal\u00e9n, y permitirles a los refugiados palestinos retornar a su tierra en base de las resoluciones de la legalidad internacional\u201d, puntualiz\u00f3.<\/p>\n<p style=\"text-align: justify;\">El ministro de Exteriores y Expatriados expres\u00f3 la condena siria a la decisi\u00f3n de la administraci\u00f3n estadounidense de retirarse del acuerdo nuclear con Ir\u00e1n lo cual confirma nuevamente su falta de compromiso con los tratados internacionales.<\/p>\n<p style=\"text-align: justify;\">Finalmente, al-Mualem invit\u00f3 a todos a darse cuenta que Siria con la ayuda de sus aliados y amigos triunfar\u00e1 en su batalla contra el terrorismo y hay que tratarla en base de esto.<\/p>\n<p style=\"text-align: justify;\"><span style=\"color: #0000ff;\">Riad Sh.\/ Ammar H.<\/span><\/p>\n","protected":false},"excerpt":{"rendered":"<p>Nueva York, SANA El vicepresidente del Consejo de Ministros y ministro del Exterior y los Expatriados pronunci\u00f3 la palabra de Siria ante el 73\u00ba periodo de sesiones de la Asamblea General de la ONU en la que afirm\u00f3 que Siria est\u00e1 decidida a depurar todo su territorio de la lacra del terrorismo y de cualquier &hellip;<\/p>\n","protected":false},"author":1,"featured_media":90109,"comment_status":"closed","ping_status":"closed","sticky":false,"template":"","format":"standard","meta":{"footnotes":""},"categories":[597,467,583],"tags":[12790],"class_list":["post-90106","post","type-post","status-publish","format-standard","has-post-thumbnail","","category-cinta-de-noticias","category-siria-y-el-mundo","category-slide","tag-al-mualem-estamos-decididos-a-depurar-nuestro-territorio-del-terrorismo-y-de-la-presencia-extranjera-ilegitima"],"_links":{"self":[{"href":"https:\/\/archive.sana.sy\/es\/index.php?rest_route=\/wp\/v2\/posts\/90106"}],"collection":[{"href":"https:\/\/archive.sana.sy\/es\/index.php?rest_route=\/wp\/v2\/posts"}],"about":[{"href":"https:\/\/archive.sana.sy\/es\/index.php?rest_route=\/wp\/v2\/types\/post"}],"author":[{"embeddable":true,"href":"https:\/\/archive.sana.sy\/es\/index.php?rest_route=\/wp\/v2\/users\/1"}],"replies":[{"embeddable":true,"href":"https:\/\/archive.sana.sy\/es\/index.php?rest_route=%2Fwp%2Fv2%2Fcomments&post=90106"}],"version-history":[{"count":0,"href":"https:\/\/archive.sana.sy\/es\/index.php?rest_route=\/wp\/v2\/posts\/90106\/revisions"}],"wp:featuredmedia":[{"embeddable":true,"href":"https:\/\/archive.sana.sy\/es\/index.php?rest_route=\/wp\/v2\/media\/90109"}],"wp:attachment":[{"href":"https:\/\/archive.sana.sy\/es\/index.php?rest_route=%2Fwp%2Fv2%2Fmedia&parent=90106"}],"wp:term":[{"taxonomy":"category","embeddable":true,"href":"https:\/\/archive.sana.sy\/es\/index.php?rest_route=%2Fwp%2Fv2%2Fcategories&post=90106"},{"taxonomy":"post_tag","embeddable":true,"href":"https:\/\/archive.sana.sy\/es\/index.php?rest_route=%2Fwp%2Fv2%2Ftags&post=90106"}],"curies":[{"name":"wp","href":"https:\/\/api.w.org\/{rel}","templated":true}]}}