{"id":90148,"date":"2018-10-01T02:00:32","date_gmt":"2018-09-30T23:00:32","guid":{"rendered":"https:\/\/www.sana.sy\/es\/?p=90148"},"modified":"2018-10-01T12:35:52","modified_gmt":"2018-10-01T09:35:52","slug":"gabinete-asigna-3-7-millones-de-dolares-para-financiar-proyectos-de-servicio-en-damasco-y-quneitra","status":"publish","type":"post","link":"https:\/\/archive.sana.sy\/es\/?p=90148","title":{"rendered":"Gabinete asigna 3.7 millones de d\u00f3lares para financiar proyectos de servicio en Damasco y Quneitra"},"content":{"rendered":"<p style=\"text-align: justify;\"><span style=\"color: #800000;\">Damasco, SANA<\/span><\/p>\n<p style=\"text-align: justify;\">El Consejo de Ministros aprob\u00f3 en su sesi\u00f3n semanal, el borrador del proyecto de reforma del sector p\u00fablico econ\u00f3mico.<\/p>\n<p style=\"text-align: justify;\">El proyecto aprobado abarca los pasos rectores relacionados con el trabajo y los criterios para la clasificaci\u00f3n y el desarrollo de los establecimientos econ\u00f3micos p\u00fablicos, en los aspectos t\u00e9cnico y administrativo.<\/p>\n<p style=\"text-align: justify;\">Dicho proyecto de reforma abarcar\u00e1 a alrededor de 230 empresas y establecimiento econ\u00f3micos del sector estatal en todas las provincias sirias.<\/p>\n<p style=\"text-align: justify;\">Asimismo, el Gobierno dio instrucciones a los ministros de Agricultura y de Comercio Interior para la compra de todo el cultivo de manzana de los agricultores en las provincias donde la cosecha fue afectada por las condiciones clim\u00e1ticas.<\/p>\n<p style=\"text-align: justify;\">Por \u00faltimo, el Gabinete aprob\u00f3 la asignaci\u00f3n de mil quinientos millones de libras sirias (3.7 millones de d\u00f3lares) para apoyar los proyectos de servicio en las provincias de Damasco y Quneitra.<\/p>\n<p><span style=\"color: #0000ff;\">F. Marouf<\/span><\/p>\n<p><img decoding=\"async\" src=\"http:\/\/www.sana.sy\/wp-content\/uploads\/2018\/09\/DHS6993.jpg\" \/><\/p>\n","protected":false},"excerpt":{"rendered":"<p>Damasco, SANA El Consejo de Ministros aprob\u00f3 en su sesi\u00f3n semanal, el borrador del proyecto de reforma del sector p\u00fablico econ\u00f3mico. El proyecto aprobado abarca los pasos rectores relacionados con el trabajo y los criterios para la clasificaci\u00f3n y el desarrollo de los establecimientos econ\u00f3micos p\u00fablicos, en los aspectos t\u00e9cnico y administrativo. Dicho proyecto de &hellip;<\/p>\n","protected":false},"author":1,"featured_media":90150,"comment_status":"closed","ping_status":"closed","sticky":false,"template":"","format":"standard","meta":{"footnotes":""},"categories":[597,476,583],"tags":[12796],"class_list":["post-90148","post","type-post","status-publish","format-standard","has-post-thumbnail","","category-cinta-de-noticias","category-locales","category-slide","tag-gabinete-asigna-3-7-millones-de-dolares-para-financiar-proyectos-de-servicio-en-damasco-y-quneitra"],"_links":{"self":[{"href":"https:\/\/archive.sana.sy\/es\/index.php?rest_route=\/wp\/v2\/posts\/90148"}],"collection":[{"href":"https:\/\/archive.sana.sy\/es\/index.php?rest_route=\/wp\/v2\/posts"}],"about":[{"href":"https:\/\/archive.sana.sy\/es\/index.php?rest_route=\/wp\/v2\/types\/post"}],"author":[{"embeddable":true,"href":"https:\/\/archive.sana.sy\/es\/index.php?rest_route=\/wp\/v2\/users\/1"}],"replies":[{"embeddable":true,"href":"https:\/\/archive.sana.sy\/es\/index.php?rest_route=%2Fwp%2Fv2%2Fcomments&post=90148"}],"version-history":[{"count":0,"href":"https:\/\/archive.sana.sy\/es\/index.php?rest_route=\/wp\/v2\/posts\/90148\/revisions"}],"wp:featuredmedia":[{"embeddable":true,"href":"https:\/\/archive.sana.sy\/es\/index.php?rest_route=\/wp\/v2\/media\/90150"}],"wp:attachment":[{"href":"https:\/\/archive.sana.sy\/es\/index.php?rest_route=%2Fwp%2Fv2%2Fmedia&parent=90148"}],"wp:term":[{"taxonomy":"category","embeddable":true,"href":"https:\/\/archive.sana.sy\/es\/index.php?rest_route=%2Fwp%2Fv2%2Fcategories&post=90148"},{"taxonomy":"post_tag","embeddable":true,"href":"https:\/\/archive.sana.sy\/es\/index.php?rest_route=%2Fwp%2Fv2%2Ftags&post=90148"}],"curies":[{"name":"wp","href":"https:\/\/api.w.org\/{rel}","templated":true}]}}