{"id":90169,"date":"2018-10-01T13:18:38","date_gmt":"2018-10-01T10:18:38","guid":{"rendered":"https:\/\/www.sana.sy\/es\/?p=90169"},"modified":"2018-10-01T13:18:47","modified_gmt":"2018-10-01T10:18:47","slug":"ejercito-conquista-nuevas-zonas-en-el-desierto-de-sweida","status":"publish","type":"post","link":"https:\/\/archive.sana.sy\/es\/?p=90169","title":{"rendered":"Ej\u00e9rcito conquista nuevas zonas en el desierto de Sweida"},"content":{"rendered":"<p style=\"text-align: justify\"><span style=\"color: #800000\">Sweida, SANA<\/span><\/p>\n<p style=\"text-align: justify\">Unidades de asalto del Ej\u00e9rcito \u00c1rabe Sirio, en cooperaci\u00f3n con fuerzas aliadas y populares, asaltaron los colinas rocosos y bas\u00e1lticos de Al-Safa, donde se atrincheran los terroristas de Daesh.<\/p>\n<p style=\"text-align: justify\">Asimismo, el ej\u00e9rcito bombarde\u00f3 con artiller\u00eda y misiles las fortificaciones y posiciones de los terroristas caus\u00e1ndoles numerosas bajas y enormes da\u00f1os en su material b\u00e9lico.<\/p>\n<p style=\"text-align: justify\">Un oficial del ej\u00e9rcito declar\u00f3 que los militares sirios frustraron varios intentos de los terroristas de romper el cerco del ej\u00e9rcito, as\u00ed como retomaron el control de decenas de cuevas y fortalezas que usaban los terroristas para esconderse y protegerse de los bombardeos del ej\u00e9rcito.<\/p>\n<p style=\"text-align: justify\"><span style=\"color: #0000ff\">F. Marouf\/ Ammar H.<\/span><\/p>\n","protected":false},"excerpt":{"rendered":"<p>Sweida, SANA Unidades de asalto del Ej\u00e9rcito \u00c1rabe Sirio, en cooperaci\u00f3n con fuerzas aliadas y populares, asaltaron los colinas rocosos y bas\u00e1lticos de Al-Safa, donde se atrincheran los terroristas de Daesh. Asimismo, el ej\u00e9rcito bombarde\u00f3 con artiller\u00eda y misiles las fortificaciones y posiciones de los terroristas caus\u00e1ndoles numerosas bajas y enormes da\u00f1os en su material &hellip;<\/p>\n","protected":false},"author":30,"featured_media":90171,"comment_status":"closed","ping_status":"closed","sticky":false,"template":"","format":"standard","meta":{"footnotes":""},"categories":[597,573,7541],"tags":[12800],"class_list":["post-90169","post","type-post","status-publish","format-standard","has-post-thumbnail","","category-cinta-de-noticias","category-la-realidad-de-los-acontecimientos-en-siria","category-ultimas-noticias","tag-ejercito-conquista-nuevas-zonas-en-el-desierto-de-sweida"],"_links":{"self":[{"href":"https:\/\/archive.sana.sy\/es\/index.php?rest_route=\/wp\/v2\/posts\/90169"}],"collection":[{"href":"https:\/\/archive.sana.sy\/es\/index.php?rest_route=\/wp\/v2\/posts"}],"about":[{"href":"https:\/\/archive.sana.sy\/es\/index.php?rest_route=\/wp\/v2\/types\/post"}],"author":[{"embeddable":true,"href":"https:\/\/archive.sana.sy\/es\/index.php?rest_route=\/wp\/v2\/users\/30"}],"replies":[{"embeddable":true,"href":"https:\/\/archive.sana.sy\/es\/index.php?rest_route=%2Fwp%2Fv2%2Fcomments&post=90169"}],"version-history":[{"count":0,"href":"https:\/\/archive.sana.sy\/es\/index.php?rest_route=\/wp\/v2\/posts\/90169\/revisions"}],"wp:featuredmedia":[{"embeddable":true,"href":"https:\/\/archive.sana.sy\/es\/index.php?rest_route=\/wp\/v2\/media\/90171"}],"wp:attachment":[{"href":"https:\/\/archive.sana.sy\/es\/index.php?rest_route=%2Fwp%2Fv2%2Fmedia&parent=90169"}],"wp:term":[{"taxonomy":"category","embeddable":true,"href":"https:\/\/archive.sana.sy\/es\/index.php?rest_route=%2Fwp%2Fv2%2Fcategories&post=90169"},{"taxonomy":"post_tag","embeddable":true,"href":"https:\/\/archive.sana.sy\/es\/index.php?rest_route=%2Fwp%2Fv2%2Ftags&post=90169"}],"curies":[{"name":"wp","href":"https:\/\/api.w.org\/{rel}","templated":true}]}}