{"id":90189,"date":"2018-10-01T20:42:43","date_gmt":"2018-10-01T17:42:43","guid":{"rendered":"https:\/\/www.sana.sy\/es\/?p=90189"},"modified":"2018-10-01T20:42:43","modified_gmt":"2018-10-01T17:42:43","slug":"moallem-siria-aboga-por-una-solucion-politica-basada-en-el-respeto-de-su-soberania-e-independencia","status":"publish","type":"post","link":"https:\/\/archive.sana.sy\/es\/?p=90189","title":{"rendered":"Moallem: Siria aboga por una soluci\u00f3n pol\u00edtica basada en el respeto de su soberan\u00eda e independencia \u00a0\u00a0"},"content":{"rendered":"<p>Nueva York-SANA<\/p>\n<p>El canciller sirio Walid Moallem se reuni\u00f3 con el canciller de Bielorrusia <em><strong>Vladimir<\/strong><\/em>\u00a0Makei\u00a0 al marco de las reuniones de la Organizaci\u00f3n de las Naciones Unidas que celebra su periodo 73.<\/p>\n<p>Moallem hizo una panor\u00e1mica a su hom\u00f3logo bielorruso sobre la evoluci\u00f3n de la situaci\u00f3n sobre el terreno y lo pol\u00edtico en Siria, adem\u00e1s de inf\u00f3rmale a su hom\u00f3logo de las consultas y contactos realizados con el lado ruso para alcanzar el acuerdo de Idleb. Al respeto el jefe de la diplomacia siria dijo que Siria est\u00e1 en espera de que Turqu\u00eda cumpla con todas sus obligaciones en cuanto al acuerdo, aseverando a la vez que la liberaci\u00f3n total de Idleb es una prioridad para el gobierno sirio.<\/p>\n<p>El diplom\u00e1tico sirio subray\u00f3 que Siria aboga por un proceso pol\u00edtico que se basa en el respeto de su soberan\u00eda e independencia y que sea inter-sirio bajo liderazgo sirio, sin injerencia externa.<\/p>\n<p>A su vez, el canciller Makei manifest\u00f3 el aprecio de su pa\u00eds por los logros de Siria en relaci\u00f3n a la lucha contra el terrorismo y afirm\u00f3 el inter\u00e9s de su pa\u00eds en fortalecer las relaciones con\u00a0 Siria.<\/p>\n<p>Asimismo reiter\u00f3 el apoyo de su pa\u00eds a Siria \u00a0en los foros internacionales y destac\u00f3 la necesidad de no politizar la labor de la OPAQ.<\/p>\n<p>&nbsp;<\/p>\n<p>Y.K.<\/p>\n","protected":false},"excerpt":{"rendered":"<p>Nueva York-SANA El canciller sirio Walid Moallem se reuni\u00f3 con el canciller de Bielorrusia Vladimir\u00a0Makei\u00a0 al marco de las reuniones de la Organizaci\u00f3n de las Naciones Unidas que celebra su periodo 73. Moallem hizo una panor\u00e1mica a su hom\u00f3logo bielorruso sobre la evoluci\u00f3n de la situaci\u00f3n sobre el terreno y lo pol\u00edtico en Siria, adem\u00e1s &hellip;<\/p>\n","protected":false},"author":1,"featured_media":90190,"comment_status":"closed","ping_status":"closed","sticky":false,"template":"","format":"standard","meta":{"footnotes":""},"categories":[467,7541],"tags":[],"class_list":["post-90189","post","type-post","status-publish","format-standard","has-post-thumbnail","","category-siria-y-el-mundo","category-ultimas-noticias"],"_links":{"self":[{"href":"https:\/\/archive.sana.sy\/es\/index.php?rest_route=\/wp\/v2\/posts\/90189"}],"collection":[{"href":"https:\/\/archive.sana.sy\/es\/index.php?rest_route=\/wp\/v2\/posts"}],"about":[{"href":"https:\/\/archive.sana.sy\/es\/index.php?rest_route=\/wp\/v2\/types\/post"}],"author":[{"embeddable":true,"href":"https:\/\/archive.sana.sy\/es\/index.php?rest_route=\/wp\/v2\/users\/1"}],"replies":[{"embeddable":true,"href":"https:\/\/archive.sana.sy\/es\/index.php?rest_route=%2Fwp%2Fv2%2Fcomments&post=90189"}],"version-history":[{"count":0,"href":"https:\/\/archive.sana.sy\/es\/index.php?rest_route=\/wp\/v2\/posts\/90189\/revisions"}],"wp:featuredmedia":[{"embeddable":true,"href":"https:\/\/archive.sana.sy\/es\/index.php?rest_route=\/wp\/v2\/media\/90190"}],"wp:attachment":[{"href":"https:\/\/archive.sana.sy\/es\/index.php?rest_route=%2Fwp%2Fv2%2Fmedia&parent=90189"}],"wp:term":[{"taxonomy":"category","embeddable":true,"href":"https:\/\/archive.sana.sy\/es\/index.php?rest_route=%2Fwp%2Fv2%2Fcategories&post=90189"},{"taxonomy":"post_tag","embeddable":true,"href":"https:\/\/archive.sana.sy\/es\/index.php?rest_route=%2Fwp%2Fv2%2Ftags&post=90189"}],"curies":[{"name":"wp","href":"https:\/\/api.w.org\/{rel}","templated":true}]}}