{"id":90195,"date":"2018-10-02T08:00:47","date_gmt":"2018-10-02T05:00:47","guid":{"rendered":"https:\/\/www.sana.sy\/es\/?p=90195"},"modified":"2023-01-10T15:16:20","modified_gmt":"2023-01-10T13:16:20","slug":"oferta-irani-para-reconstruir-la-mayor-termoelectrica-de-siria","status":"publish","type":"post","link":"https:\/\/archive.sana.sy\/es\/?p=90195","title":{"rendered":"Oferta iran\u00ed para reconstruir la mayor termoel\u00e9ctrica de Siria"},"content":{"rendered":"<p style=\"text-align: justify\"><span style=\"color: #800000\">Teher\u00e1n, SANA<\/span><\/p>\n<p style=\"text-align: justify\">El ministro de Electricidad, Mohamed Zuhair Kharbotli, se reuni\u00f3 en la capital iran\u00ed Teher\u00e1n, con Hassan Danaei Fer, el asesor del vicepresidente primero de Ir\u00e1n y presidente del Comit\u00e9 de Fomento de las Relaciones Econ\u00f3micas de Ir\u00e1n con Siria e Irak.<\/p>\n<p style=\"text-align: justify\">Las conversaciones abordaron varios temas, especialmente los mecanismos para fortalecer la cooperaci\u00f3n estrat\u00e9gica en el sector de la electricidad.<\/p>\n<p style=\"text-align: justify\">La reuni\u00f3n cont\u00f3 con la presencia de representantes de la Compa\u00f1\u00eda &#8220;IPRC&#8221; del Ministerio de Energ\u00eda iran\u00ed, especializada en el campo de la construcci\u00f3n, reconstrucci\u00f3n, reparaci\u00f3n, instalaci\u00f3n y el dise\u00f1o de instalaciones el\u00e9ctricas.<\/p>\n<p style=\"text-align: justify\">El titular sirio destac\u00f3 la importancia de la rehabilitaci\u00f3n y reparaci\u00f3n de la termoel\u00e9ctrica de Alepo, ya que la misma ten\u00eda 1.065 MW de capacidad y cubr\u00eda la necesidad de electricidad para casi todo el norte de Siria.<\/p>\n<p style=\"text-align: justify\">Revel\u00f3 que la Compa\u00f1\u00eda &#8220;IPRC&#8221;, presentar\u00e1 dentro de 60 d\u00edas, su oferta t\u00e9cnica y financiera para reparar la termoel\u00e9ctrica de Alepo.<\/p>\n<p style=\"text-align: justify\">La termoel\u00e9ctrica de Alepo es la mayor en Siria; se ubica a 40 km al este de la ciudad de Alepo, y fue ocupada durante cuatro a\u00f1os por los terroristas del Daesh que destruyeron y saquearon los equipos de la misma.<\/p>\n<p style=\"text-align: justify\"><span style=\"color: #0000ff\">F. Marouf\/ Ammar H.<\/span><\/p>\n","protected":false},"excerpt":{"rendered":"<p>Teher\u00e1n, SANA El ministro de Electricidad, Mohamed Zuhair Kharbotli, se reuni\u00f3 en la capital iran\u00ed Teher\u00e1n, con Hassan Danaei Fer, el asesor del vicepresidente primero de Ir\u00e1n y presidente del Comit\u00e9 de Fomento de las Relaciones Econ\u00f3micas de Ir\u00e1n con Siria e Irak. Las conversaciones abordaron varios temas, especialmente los mecanismos para fortalecer la cooperaci\u00f3n &hellip;<\/p>\n","protected":false},"author":30,"featured_media":90196,"comment_status":"closed","ping_status":"closed","sticky":false,"template":"","format":"standard","meta":{"footnotes":""},"categories":[597,485,467,7541],"tags":[12804],"class_list":["post-90195","post","type-post","status-publish","format-standard","has-post-thumbnail","","category-cinta-de-noticias","category-informes-negocios-y-finanzas","category-siria-y-el-mundo","category-ultimas-noticias","tag-oferta-irani-para-reconstruir-la-mayor-termoelectrica-de-siria"],"_links":{"self":[{"href":"https:\/\/archive.sana.sy\/es\/index.php?rest_route=\/wp\/v2\/posts\/90195"}],"collection":[{"href":"https:\/\/archive.sana.sy\/es\/index.php?rest_route=\/wp\/v2\/posts"}],"about":[{"href":"https:\/\/archive.sana.sy\/es\/index.php?rest_route=\/wp\/v2\/types\/post"}],"author":[{"embeddable":true,"href":"https:\/\/archive.sana.sy\/es\/index.php?rest_route=\/wp\/v2\/users\/30"}],"replies":[{"embeddable":true,"href":"https:\/\/archive.sana.sy\/es\/index.php?rest_route=%2Fwp%2Fv2%2Fcomments&post=90195"}],"version-history":[{"count":0,"href":"https:\/\/archive.sana.sy\/es\/index.php?rest_route=\/wp\/v2\/posts\/90195\/revisions"}],"wp:featuredmedia":[{"embeddable":true,"href":"https:\/\/archive.sana.sy\/es\/index.php?rest_route=\/wp\/v2\/media\/90196"}],"wp:attachment":[{"href":"https:\/\/archive.sana.sy\/es\/index.php?rest_route=%2Fwp%2Fv2%2Fmedia&parent=90195"}],"wp:term":[{"taxonomy":"category","embeddable":true,"href":"https:\/\/archive.sana.sy\/es\/index.php?rest_route=%2Fwp%2Fv2%2Fcategories&post=90195"},{"taxonomy":"post_tag","embeddable":true,"href":"https:\/\/archive.sana.sy\/es\/index.php?rest_route=%2Fwp%2Fv2%2Ftags&post=90195"}],"curies":[{"name":"wp","href":"https:\/\/api.w.org\/{rel}","templated":true}]}}