{"id":90202,"date":"2018-10-02T11:53:50","date_gmt":"2018-10-02T08:53:50","guid":{"rendered":"https:\/\/www.sana.sy\/es\/?p=90202"},"modified":"2018-10-02T11:53:50","modified_gmt":"2018-10-02T08:53:50","slug":"inicia-conferencia-de-la-union-de-agencias-de-noticias-del-mediterraneo","status":"publish","type":"post","link":"https:\/\/archive.sana.sy\/es\/?p=90202","title":{"rendered":"Inicia conferencia de la Uni\u00f3n de Agencias de Noticias del Mediterr\u00e1neo"},"content":{"rendered":"<p style=\"text-align: justify\"><span style=\"color: #800000\">Atenas, SANA<\/span><\/p>\n<p style=\"text-align: justify\">Inici\u00f3 en la capital griega Atenas, las labores de la 27\u00aa Conferencia de la Uni\u00f3n de Agencias de Noticias del Mediterr\u00e1neo (AMAN por sus siglas en Ingl\u00e9s) con la participaci\u00f3n del director general de la agencia SANA, Abdul Rahim Ahmad.<\/p>\n<p style=\"text-align: justify\">Los debates de los participantes en la Conferencia se centraron en diversos temas referentes al \u00e1mbito de trabajo de las agencias y los desaf\u00edos que enfrentan.<\/p>\n<p style=\"text-align: justify\">En el evento, habr\u00e1 varias ponencias sobre el nuevo rol de los periodistas en los medios de comunicaci\u00f3n futuros, el futuro de las agencias nacionales de noticias en Europa y los m\u00e9todos y formas de formaci\u00f3n y capacitaci\u00f3n de los periodistas en las agencias de noticias.<\/p>\n<p style=\"text-align: justify\">La Conferencia durar\u00e1 hasta el d\u00eda 4 del actual mes de octubre.<\/p>\n<p style=\"text-align: justify\"><span style=\"color: #0000ff\">Ammar H.\/ F. Marouf<\/span><\/p>\n","protected":false},"excerpt":{"rendered":"<p>Atenas, SANA Inici\u00f3 en la capital griega Atenas, las labores de la 27\u00aa Conferencia de la Uni\u00f3n de Agencias de Noticias del Mediterr\u00e1neo (AMAN por sus siglas en Ingl\u00e9s) con la participaci\u00f3n del director general de la agencia SANA, Abdul Rahim Ahmad. Los debates de los participantes en la Conferencia se centraron en diversos temas &hellip;<\/p>\n","protected":false},"author":30,"featured_media":90203,"comment_status":"closed","ping_status":"closed","sticky":false,"template":"","format":"standard","meta":{"footnotes":""},"categories":[597,467,7541],"tags":[12806],"class_list":["post-90202","post","type-post","status-publish","format-standard","has-post-thumbnail","","category-cinta-de-noticias","category-siria-y-el-mundo","category-ultimas-noticias","tag-inicia-conferencia-de-la-union-de-agencias-de-noticias-del-mediterraneo"],"_links":{"self":[{"href":"https:\/\/archive.sana.sy\/es\/index.php?rest_route=\/wp\/v2\/posts\/90202"}],"collection":[{"href":"https:\/\/archive.sana.sy\/es\/index.php?rest_route=\/wp\/v2\/posts"}],"about":[{"href":"https:\/\/archive.sana.sy\/es\/index.php?rest_route=\/wp\/v2\/types\/post"}],"author":[{"embeddable":true,"href":"https:\/\/archive.sana.sy\/es\/index.php?rest_route=\/wp\/v2\/users\/30"}],"replies":[{"embeddable":true,"href":"https:\/\/archive.sana.sy\/es\/index.php?rest_route=%2Fwp%2Fv2%2Fcomments&post=90202"}],"version-history":[{"count":0,"href":"https:\/\/archive.sana.sy\/es\/index.php?rest_route=\/wp\/v2\/posts\/90202\/revisions"}],"wp:featuredmedia":[{"embeddable":true,"href":"https:\/\/archive.sana.sy\/es\/index.php?rest_route=\/wp\/v2\/media\/90203"}],"wp:attachment":[{"href":"https:\/\/archive.sana.sy\/es\/index.php?rest_route=%2Fwp%2Fv2%2Fmedia&parent=90202"}],"wp:term":[{"taxonomy":"category","embeddable":true,"href":"https:\/\/archive.sana.sy\/es\/index.php?rest_route=%2Fwp%2Fv2%2Fcategories&post=90202"},{"taxonomy":"post_tag","embeddable":true,"href":"https:\/\/archive.sana.sy\/es\/index.php?rest_route=%2Fwp%2Fv2%2Ftags&post=90202"}],"curies":[{"name":"wp","href":"https:\/\/api.w.org\/{rel}","templated":true}]}}