{"id":90276,"date":"2018-10-03T10:22:59","date_gmt":"2018-10-03T07:22:59","guid":{"rendered":"https:\/\/www.sana.sy\/es\/?p=90276"},"modified":"2023-01-10T15:10:24","modified_gmt":"2023-01-10T13:10:24","slug":"29-paises-participan-en-la-feria-rebuild-syria-2018","status":"publish","type":"post","link":"https:\/\/archive.sana.sy\/es\/?p=90276","title":{"rendered":"29 pa\u00edses participan en la feria &#8220;Rebuild-Syria 2018&#8221;"},"content":{"rendered":"<p><span style=\"color: #800000;\">Damasco, SANA<\/span><\/p>\n<p>Con la participaci\u00f3n de 270 empresas nacionales, \u00e1rabes y extranjeras, fue inaugurada por el primer ministro, Imad Khamis, la cuarta edici\u00f3n de la feria &#8220;Rebuild-Siria 2018&#8243;, en el Recinto Ferial de Expo-Damasco.<\/p>\n<p>La feria durar\u00e1 hasta el d\u00eda 6 del mes en curso, y se exhibe en la misma todo lo relativo a las tecnolog\u00edas de construcci\u00f3n.<\/p>\n<p>Las empresas \u00e1rabes y extranjeras participantes en la feria representan a 29 pa\u00edses, y son: El L\u00edbano, Jordania, Rusia, Ir\u00e1n, China, Francia, Italia, Bielorrusia, Brasil, Macedonia, Indonesia, Sud\u00e1frica, Serbia, Dinamarca, Grecia, Espa\u00f1a, Venezuela, Pakist\u00e1n, Cuba, Alemania, Irak, India, Rumania, B\u00e9lgica y Tanzania&#8221;.<\/p>\n<p>El ministro de Vivienda y Obras P\u00fablicas, Hussein Arnous, declar\u00f3 que las ferias especializadas abren el camino para que los contratistas e interesados \u200b\u200ben el campo de la construcci\u00f3n conozcan las necesidades del mercado sirio.<\/p>\n<p>A su vez, el embajador iran\u00ed en Damasco, Jawad Turkabadi, manifest\u00f3 el deseo de Ir\u00e1n de contribuir y apoyar los proyectos de reconstrucci\u00f3n en Siria, y por ello, participan en este evento 11 importantes empresas especializadas en la infraestructura, electricidad, construcci\u00f3n residencial y transporte mar\u00edtimo y de ferrocarriles.<\/p>\n<p>La primera edici\u00f3n de la feria &#8220;Rebuild Syria&#8221; se organiz\u00f3 el 16 de septiembre del a\u00f1o 2015 con la participaci\u00f3n de 65 empresas.<\/p>\n<p><span style=\"color: #0000ff;\">F. Marouf\/ Ammar H.<\/span><\/p>\n","protected":false},"excerpt":{"rendered":"<p>Damasco, SANA Con la participaci\u00f3n de 270 empresas nacionales, \u00e1rabes y extranjeras, fue inaugurada por el primer ministro, Imad Khamis, la cuarta edici\u00f3n de la feria &#8220;Rebuild-Siria 2018&#8243;, en el Recinto Ferial de Expo-Damasco. La feria durar\u00e1 hasta el d\u00eda 6 del mes en curso, y se exhibe en la misma todo lo relativo a &hellip;<\/p>\n","protected":false},"author":29,"featured_media":90277,"comment_status":"closed","ping_status":"closed","sticky":false,"template":"","format":"standard","meta":{"footnotes":""},"categories":[597,485,467,7541],"tags":[12814],"class_list":["post-90276","post","type-post","status-publish","format-standard","has-post-thumbnail","","category-cinta-de-noticias","category-informes-negocios-y-finanzas","category-siria-y-el-mundo","category-ultimas-noticias","tag-29-paises-participan-en-la-feria-rebuild-syria-2018"],"_links":{"self":[{"href":"https:\/\/archive.sana.sy\/es\/index.php?rest_route=\/wp\/v2\/posts\/90276"}],"collection":[{"href":"https:\/\/archive.sana.sy\/es\/index.php?rest_route=\/wp\/v2\/posts"}],"about":[{"href":"https:\/\/archive.sana.sy\/es\/index.php?rest_route=\/wp\/v2\/types\/post"}],"author":[{"embeddable":true,"href":"https:\/\/archive.sana.sy\/es\/index.php?rest_route=\/wp\/v2\/users\/29"}],"replies":[{"embeddable":true,"href":"https:\/\/archive.sana.sy\/es\/index.php?rest_route=%2Fwp%2Fv2%2Fcomments&post=90276"}],"version-history":[{"count":0,"href":"https:\/\/archive.sana.sy\/es\/index.php?rest_route=\/wp\/v2\/posts\/90276\/revisions"}],"wp:featuredmedia":[{"embeddable":true,"href":"https:\/\/archive.sana.sy\/es\/index.php?rest_route=\/wp\/v2\/media\/90277"}],"wp:attachment":[{"href":"https:\/\/archive.sana.sy\/es\/index.php?rest_route=%2Fwp%2Fv2%2Fmedia&parent=90276"}],"wp:term":[{"taxonomy":"category","embeddable":true,"href":"https:\/\/archive.sana.sy\/es\/index.php?rest_route=%2Fwp%2Fv2%2Fcategories&post=90276"},{"taxonomy":"post_tag","embeddable":true,"href":"https:\/\/archive.sana.sy\/es\/index.php?rest_route=%2Fwp%2Fv2%2Ftags&post=90276"}],"curies":[{"name":"wp","href":"https:\/\/api.w.org\/{rel}","templated":true}]}}