{"id":90285,"date":"2018-10-03T09:26:44","date_gmt":"2018-10-03T06:26:44","guid":{"rendered":"https:\/\/www.sana.sy\/es\/?p=90285"},"modified":"2023-01-10T15:10:24","modified_gmt":"2023-01-10T13:10:24","slug":"siria-e-iran-acuerdan-construir-una-central-electrica-en-latakia","status":"publish","type":"post","link":"https:\/\/archive.sana.sy\/es\/?p=90285","title":{"rendered":"Siria e Ir\u00e1n acuerdan construir una central el\u00e9ctrica en Latakia"},"content":{"rendered":"<p style=\"text-align: justify\"><span style=\"color: #800000\">Teher\u00e1n, SANA<\/span><\/p>\n<p style=\"text-align: justify\">Siria e Ir\u00e1n firmaron un cronograma para la implementaci\u00f3n del proyecto de la central el\u00e9ctrica en la provincia costera siria de Latakia, con una capacidad de generaci\u00f3n de 540 MW.<\/p>\n<p style=\"text-align: justify\">El acuerdo fue firmado por el Director del Establecimiento General de Generaci\u00f3n de Electricidad, Mahmoud Ramadan, y el Presidente de la Junta de Directores de la Compa\u00f1\u00eda iran\u00ed &#8220;MBNA&#8221;, Abbas Ali Abadi.<\/p>\n<p style=\"text-align: justify\">El primer grupo generador del proyecto entrar\u00e1 en funcionamiento dentro de 18 meses, el segundo dentro de 24 meses mientras que el tercer grupo de vapor funcionar\u00e1 en 34 meses.<\/p>\n<p style=\"text-align: justify\">El proyecto incluye adem\u00e1s la construcci\u00f3n de un gasoducto de 70 km de longitud para alimentar la central el\u00e9ctrica.<\/p>\n<p style=\"text-align: justify\">Las dos partes acordaron que la ejecuci\u00f3n del proyecto comenzar\u00e1 durante el pr\u00f3ximo a\u00f1o despu\u00e9s de garantizar los materiales, los suministros y los repuestos.<\/p>\n<p style=\"text-align: justify\"><span style=\"color: #0000ff\">F. Marouf\/ Ammar H.<\/span><\/p>\n","protected":false},"excerpt":{"rendered":"<p>Teher\u00e1n, SANA Siria e Ir\u00e1n firmaron un cronograma para la implementaci\u00f3n del proyecto de la central el\u00e9ctrica en la provincia costera siria de Latakia, con una capacidad de generaci\u00f3n de 540 MW. El acuerdo fue firmado por el Director del Establecimiento General de Generaci\u00f3n de Electricidad, Mahmoud Ramadan, y el Presidente de la Junta de &hellip;<\/p>\n","protected":false},"author":30,"featured_media":90286,"comment_status":"closed","ping_status":"closed","sticky":false,"template":"","format":"standard","meta":{"footnotes":""},"categories":[597,485,467,7541],"tags":[12815],"class_list":["post-90285","post","type-post","status-publish","format-standard","has-post-thumbnail","","category-cinta-de-noticias","category-informes-negocios-y-finanzas","category-siria-y-el-mundo","category-ultimas-noticias","tag-siria-e-iran-acuerdan-construir-una-central-electrica-en-latakia"],"_links":{"self":[{"href":"https:\/\/archive.sana.sy\/es\/index.php?rest_route=\/wp\/v2\/posts\/90285"}],"collection":[{"href":"https:\/\/archive.sana.sy\/es\/index.php?rest_route=\/wp\/v2\/posts"}],"about":[{"href":"https:\/\/archive.sana.sy\/es\/index.php?rest_route=\/wp\/v2\/types\/post"}],"author":[{"embeddable":true,"href":"https:\/\/archive.sana.sy\/es\/index.php?rest_route=\/wp\/v2\/users\/30"}],"replies":[{"embeddable":true,"href":"https:\/\/archive.sana.sy\/es\/index.php?rest_route=%2Fwp%2Fv2%2Fcomments&post=90285"}],"version-history":[{"count":0,"href":"https:\/\/archive.sana.sy\/es\/index.php?rest_route=\/wp\/v2\/posts\/90285\/revisions"}],"wp:featuredmedia":[{"embeddable":true,"href":"https:\/\/archive.sana.sy\/es\/index.php?rest_route=\/wp\/v2\/media\/90286"}],"wp:attachment":[{"href":"https:\/\/archive.sana.sy\/es\/index.php?rest_route=%2Fwp%2Fv2%2Fmedia&parent=90285"}],"wp:term":[{"taxonomy":"category","embeddable":true,"href":"https:\/\/archive.sana.sy\/es\/index.php?rest_route=%2Fwp%2Fv2%2Fcategories&post=90285"},{"taxonomy":"post_tag","embeddable":true,"href":"https:\/\/archive.sana.sy\/es\/index.php?rest_route=%2Fwp%2Fv2%2Ftags&post=90285"}],"curies":[{"name":"wp","href":"https:\/\/api.w.org\/{rel}","templated":true}]}}