{"id":90303,"date":"2018-10-03T19:18:12","date_gmt":"2018-10-03T16:18:12","guid":{"rendered":"https:\/\/www.sana.sy\/es\/?p=90303"},"modified":"2023-01-10T15:16:20","modified_gmt":"2023-01-10T13:16:20","slug":"conversaciones-sirio-iranies-para-rehabilitar-y-desarrollar-el-sistema-electrico-en-siria","status":"publish","type":"post","link":"https:\/\/archive.sana.sy\/es\/?p=90303","title":{"rendered":"Conversaciones sirio-iran\u00edes para rehabilitar y desarrollar el sistema el\u00e9ctrico en Siria"},"content":{"rendered":"<p style=\"text-align: justify\"><span style=\"color: #800000\">Teher\u00e1n, SANA<\/span><\/p>\n<p style=\"text-align: justify\">El ministro de Electricidad, Ing. Mohamed Zuheir Kharbutli, examin\u00f3 en Teher\u00e1n con representantes de empresas iran\u00edes especializadas en el \u00e1mbito de la industria el\u00e9ctrica las v\u00edas para rehabilitar y desarrollar el sistema el\u00e9ctrico en Siria.<\/p>\n<p style=\"text-align: justify\">Kharbutli explic\u00f3 que las empresas iran\u00edes tienen una prioridad en la reconstrucci\u00f3n de Siria especialmente en el \u00e1mbito del sector el\u00e9ctrico destacando la importancia de activar las relaciones y proyectos estrat\u00e9gicos entre ambas partes para dar un salto cualitativo en el campo de la cooperaci\u00f3n bilateral.<\/p>\n<p style=\"text-align: justify\">Por su parte los representantes de las empresas especializadas iran\u00edes manifestaron su total disposici\u00f3n a colaborar con el Ministerio de Electricidad y secundar el sector el\u00e9ctrico en Siria con las experticias necesarias y las capacidades t\u00e9cnicas e ingenieriles.<\/p>\n<p style=\"text-align: justify\"><span style=\"color: #0000ff\">Dr. A. Shaban<\/span><\/p>\n","protected":false},"excerpt":{"rendered":"<p>Teher\u00e1n, SANA El ministro de Electricidad, Ing. Mohamed Zuheir Kharbutli, examin\u00f3 en Teher\u00e1n con representantes de empresas iran\u00edes especializadas en el \u00e1mbito de la industria el\u00e9ctrica las v\u00edas para rehabilitar y desarrollar el sistema el\u00e9ctrico en Siria. Kharbutli explic\u00f3 que las empresas iran\u00edes tienen una prioridad en la reconstrucci\u00f3n de Siria especialmente en el \u00e1mbito &hellip;<\/p>\n","protected":false},"author":30,"featured_media":90304,"comment_status":"closed","ping_status":"closed","sticky":false,"template":"","format":"standard","meta":{"footnotes":""},"categories":[597,485,457,7541],"tags":[12818],"class_list":["post-90303","post","type-post","status-publish","format-standard","has-post-thumbnail","","category-cinta-de-noticias","category-informes-negocios-y-finanzas","category-noticias-arabe-internacional-politica","category-ultimas-noticias","tag-conversaciones-sirio-iranies-para-rehabilitar-y-desarrollar-el-sistema-electrico-en-siria"],"_links":{"self":[{"href":"https:\/\/archive.sana.sy\/es\/index.php?rest_route=\/wp\/v2\/posts\/90303"}],"collection":[{"href":"https:\/\/archive.sana.sy\/es\/index.php?rest_route=\/wp\/v2\/posts"}],"about":[{"href":"https:\/\/archive.sana.sy\/es\/index.php?rest_route=\/wp\/v2\/types\/post"}],"author":[{"embeddable":true,"href":"https:\/\/archive.sana.sy\/es\/index.php?rest_route=\/wp\/v2\/users\/30"}],"replies":[{"embeddable":true,"href":"https:\/\/archive.sana.sy\/es\/index.php?rest_route=%2Fwp%2Fv2%2Fcomments&post=90303"}],"version-history":[{"count":0,"href":"https:\/\/archive.sana.sy\/es\/index.php?rest_route=\/wp\/v2\/posts\/90303\/revisions"}],"wp:featuredmedia":[{"embeddable":true,"href":"https:\/\/archive.sana.sy\/es\/index.php?rest_route=\/wp\/v2\/media\/90304"}],"wp:attachment":[{"href":"https:\/\/archive.sana.sy\/es\/index.php?rest_route=%2Fwp%2Fv2%2Fmedia&parent=90303"}],"wp:term":[{"taxonomy":"category","embeddable":true,"href":"https:\/\/archive.sana.sy\/es\/index.php?rest_route=%2Fwp%2Fv2%2Fcategories&post=90303"},{"taxonomy":"post_tag","embeddable":true,"href":"https:\/\/archive.sana.sy\/es\/index.php?rest_route=%2Fwp%2Fv2%2Ftags&post=90303"}],"curies":[{"name":"wp","href":"https:\/\/api.w.org\/{rel}","templated":true}]}}