{"id":90317,"date":"2018-10-03T19:45:24","date_gmt":"2018-10-03T16:45:24","guid":{"rendered":"https:\/\/www.sana.sy\/es\/?p=90317"},"modified":"2018-10-03T20:31:09","modified_gmt":"2018-10-03T17:31:09","slug":"putin-la-presencia-de-las-fuerzas-norteamericanas-es-una-violacion-flagrante-de-la-carta-de-la-onu","status":"publish","type":"post","link":"https:\/\/archive.sana.sy\/es\/?p=90317","title":{"rendered":"Putin: la presencia de fuerzas norteamericanas en Siria es una violaci\u00f3n flagrante de la Carta de la ONU"},"content":{"rendered":"<p style=\"text-align: justify\"><span style=\"color: #800000\">Damasco, SANA<\/span><\/p>\n<p style=\"text-align: justify\">El presidente ruso, Vladrimi Put\u00edn, tach\u00f3 la presencia de fuerzas estadounidenses en el territorio sirio de &#8220;una acci\u00f3n ileg\u00edtima y una violaci\u00f3n flagrante de la Carta de la ONU&#8221;.<\/p>\n<p style=\"text-align: justify\">Estas declaraciones se hicieron durante el Congreso Mundial de Energ\u00eda celebrado en Mosc\u00fa, donde el mandatario ruso destac\u00f3 que &#8220;EEUU est\u00e1 violando la Carta de la ONU, puesto que la presencia de fuerzas extranjeras en un pa\u00eds tercero sin una resoluci\u00f3n de las Naciones Unidas y la aprobaci\u00f3n de dicho pa\u00eds se considera como una violaci\u00f3n flagrante de la Carta\u201d, agregando que despu\u00e9s del colapso de la organizaci\u00f3n terrorista de Daesh en Siria, Mosc\u00fa no ve ninguna raz\u00f3n por que Washington mantenga a sus fuerzas en dicha naci\u00f3n \u00e1rabe.<\/p>\n<p style=\"text-align: justify\">Explic\u00f3 que su pa\u00eds mantiene la operaci\u00f3n antiterrorista en Siria para alcanzar la estabilidad de este pa\u00eds, hecho que dio luz al acuerdo de Sochi sobre Idleb, recalcando que Mosc\u00fa trabaja de forma activa para implementar este acuerdo en coordinaci\u00f3n con la parte turca.<\/p>\n<p style=\"text-align: justify\">Es de se\u00f1alar que la capital Mosc\u00fa acoge el Congreso Mundial de Energ\u00eda en su segunda edici\u00f3n, que cuenta con la asistencia de delegaciones de 50 pa\u00edses, entre ellos Siria representada por su ministro de Petr\u00f3leo y Recursos Minerales.<\/p>\n<p>&nbsp;<\/p>\n<p style=\"text-align: justify\">Lynn A.<\/p>\n","protected":false},"excerpt":{"rendered":"<p>Damasco, SANA El presidente ruso, Vladrimi Put\u00edn, tach\u00f3 la presencia de fuerzas estadounidenses en el territorio sirio de &#8220;una acci\u00f3n ileg\u00edtima y una violaci\u00f3n flagrante de la Carta de la ONU&#8221;. Estas declaraciones se hicieron durante el Congreso Mundial de Energ\u00eda celebrado en Mosc\u00fa, donde el mandatario ruso destac\u00f3 que &#8220;EEUU est\u00e1 violando la Carta &hellip;<\/p>\n","protected":false},"author":24,"featured_media":90318,"comment_status":"closed","ping_status":"closed","sticky":false,"template":"","format":"standard","meta":{"footnotes":""},"categories":[597,467,7541],"tags":[],"class_list":["post-90317","post","type-post","status-publish","format-standard","has-post-thumbnail","","category-cinta-de-noticias","category-siria-y-el-mundo","category-ultimas-noticias"],"_links":{"self":[{"href":"https:\/\/archive.sana.sy\/es\/index.php?rest_route=\/wp\/v2\/posts\/90317"}],"collection":[{"href":"https:\/\/archive.sana.sy\/es\/index.php?rest_route=\/wp\/v2\/posts"}],"about":[{"href":"https:\/\/archive.sana.sy\/es\/index.php?rest_route=\/wp\/v2\/types\/post"}],"author":[{"embeddable":true,"href":"https:\/\/archive.sana.sy\/es\/index.php?rest_route=\/wp\/v2\/users\/24"}],"replies":[{"embeddable":true,"href":"https:\/\/archive.sana.sy\/es\/index.php?rest_route=%2Fwp%2Fv2%2Fcomments&post=90317"}],"version-history":[{"count":0,"href":"https:\/\/archive.sana.sy\/es\/index.php?rest_route=\/wp\/v2\/posts\/90317\/revisions"}],"wp:featuredmedia":[{"embeddable":true,"href":"https:\/\/archive.sana.sy\/es\/index.php?rest_route=\/wp\/v2\/media\/90318"}],"wp:attachment":[{"href":"https:\/\/archive.sana.sy\/es\/index.php?rest_route=%2Fwp%2Fv2%2Fmedia&parent=90317"}],"wp:term":[{"taxonomy":"category","embeddable":true,"href":"https:\/\/archive.sana.sy\/es\/index.php?rest_route=%2Fwp%2Fv2%2Fcategories&post=90317"},{"taxonomy":"post_tag","embeddable":true,"href":"https:\/\/archive.sana.sy\/es\/index.php?rest_route=%2Fwp%2Fv2%2Ftags&post=90317"}],"curies":[{"name":"wp","href":"https:\/\/api.w.org\/{rel}","templated":true}]}}