{"id":90328,"date":"2018-10-03T19:30:00","date_gmt":"2018-10-03T16:30:00","guid":{"rendered":"https:\/\/www.sana.sy\/es\/?p=90328"},"modified":"2018-10-03T19:33:39","modified_gmt":"2018-10-03T16:33:39","slug":"ejercito-recupera-mas-terreno-en-zona-periferica-de-las-colinas-de-safa","status":"publish","type":"post","link":"https:\/\/archive.sana.sy\/es\/?p=90328","title":{"rendered":"Ej\u00e9rcito recupera m\u00e1s terreno en zona perif\u00e9rica de las Colinas de Safa"},"content":{"rendered":"<p style=\"text-align: justify\"><span style=\"color: #800000\">Sweida, SANA<\/span><\/p>\n<p style=\"text-align: justify\">Unidades del Ej\u00e9rcito sirio ampliaron su dominio en la profundidad de la tierra rocosa que rodea las Colinas de Safa situadas en el seno del desierto este de la provincia sure\u00f1a de Sweida.<\/p>\n<p style=\"text-align: justify\">Seg\u00fan el reportero de SANA, unidades castrenses se adentraron m\u00e1s en la zona rocosa donde se esconden el los terroristas de Daesh cerca de las colinas de Safa, consideradas el \u00faltimo feudo de Daesh en el desierto este de Sweida.<\/p>\n<p style=\"text-align: justify\">En paralelo, la aviaci\u00f3n militar y la artiller\u00eda bombardearon posiciones de terroristas de Daesh en dicha zona rocosa, causando numerosas bajas y la destrucci\u00f3n de fortificaciones de dicha organizaci\u00f3n terrorista.<\/p>\n<p>&nbsp;<\/p>\n<p style=\"text-align: justify\">Lynn A.<\/p>\n","protected":false},"excerpt":{"rendered":"<p>Sweida, SANA Unidades del Ej\u00e9rcito sirio ampliaron su dominio en la profundidad de la tierra rocosa que rodea las Colinas de Safa situadas en el seno del desierto este de la provincia sure\u00f1a de Sweida. Seg\u00fan el reportero de SANA, unidades castrenses se adentraron m\u00e1s en la zona rocosa donde se esconden el los terroristas &hellip;<\/p>\n","protected":false},"author":24,"featured_media":90329,"comment_status":"closed","ping_status":"closed","sticky":false,"template":"","format":"standard","meta":{"footnotes":""},"categories":[597,573,7541],"tags":[],"class_list":["post-90328","post","type-post","status-publish","format-standard","has-post-thumbnail","","category-cinta-de-noticias","category-la-realidad-de-los-acontecimientos-en-siria","category-ultimas-noticias"],"_links":{"self":[{"href":"https:\/\/archive.sana.sy\/es\/index.php?rest_route=\/wp\/v2\/posts\/90328"}],"collection":[{"href":"https:\/\/archive.sana.sy\/es\/index.php?rest_route=\/wp\/v2\/posts"}],"about":[{"href":"https:\/\/archive.sana.sy\/es\/index.php?rest_route=\/wp\/v2\/types\/post"}],"author":[{"embeddable":true,"href":"https:\/\/archive.sana.sy\/es\/index.php?rest_route=\/wp\/v2\/users\/24"}],"replies":[{"embeddable":true,"href":"https:\/\/archive.sana.sy\/es\/index.php?rest_route=%2Fwp%2Fv2%2Fcomments&post=90328"}],"version-history":[{"count":0,"href":"https:\/\/archive.sana.sy\/es\/index.php?rest_route=\/wp\/v2\/posts\/90328\/revisions"}],"wp:featuredmedia":[{"embeddable":true,"href":"https:\/\/archive.sana.sy\/es\/index.php?rest_route=\/wp\/v2\/media\/90329"}],"wp:attachment":[{"href":"https:\/\/archive.sana.sy\/es\/index.php?rest_route=%2Fwp%2Fv2%2Fmedia&parent=90328"}],"wp:term":[{"taxonomy":"category","embeddable":true,"href":"https:\/\/archive.sana.sy\/es\/index.php?rest_route=%2Fwp%2Fv2%2Fcategories&post=90328"},{"taxonomy":"post_tag","embeddable":true,"href":"https:\/\/archive.sana.sy\/es\/index.php?rest_route=%2Fwp%2Fv2%2Ftags&post=90328"}],"curies":[{"name":"wp","href":"https:\/\/api.w.org\/{rel}","templated":true}]}}