{"id":90357,"date":"2018-10-03T20:00:12","date_gmt":"2018-10-03T17:00:12","guid":{"rendered":"https:\/\/www.sana.sy\/es\/?p=90357"},"modified":"2018-10-03T20:00:12","modified_gmt":"2018-10-03T17:00:12","slug":"moscu-llama-a-celebrar-congreso-internacional-para-apoyar-repatriacion-de-los-desplazados-sirios","status":"publish","type":"post","link":"https:\/\/archive.sana.sy\/es\/?p=90357","title":{"rendered":"Mosc\u00fa llama a celebrar congreso internacional para apoyar repatriaci\u00f3n de los desplazados sirios"},"content":{"rendered":"<p style=\"text-align: justify\"><span style=\"color: #800000\">Mosc\u00fa, SANA<\/span><\/p>\n<p style=\"text-align: justify\">El representante de la Canciller\u00eda rusa, Nikol\u00e1i Burtsev, anunci\u00f3 la necesidad de sostener un congreso internacional para apoyar el regreso de los desplazados sirios a su patria, agregando que se trabaja actualmente para coordinar el lugar de celebraci\u00f3n de este mismo.<\/p>\n<p style=\"text-align: justify\">Por su parte, el representante del Centro de Gesti\u00f3n de la Defensa Nacional de Rusia, general Yevgeni Ilian, inform\u00f3 que m\u00e1s de un mill\u00f3n y 485 mil desplazados sirios han retornado hasta la fecha a su pa\u00eds.<\/p>\n<p>&nbsp;<\/p>\n<p style=\"text-align: justify\">Lynn A.<\/p>\n","protected":false},"excerpt":{"rendered":"<p>Mosc\u00fa, SANA El representante de la Canciller\u00eda rusa, Nikol\u00e1i Burtsev, anunci\u00f3 la necesidad de sostener un congreso internacional para apoyar el regreso de los desplazados sirios a su patria, agregando que se trabaja actualmente para coordinar el lugar de celebraci\u00f3n de este mismo. Por su parte, el representante del Centro de Gesti\u00f3n de la Defensa &hellip;<\/p>\n","protected":false},"author":24,"featured_media":90358,"comment_status":"closed","ping_status":"closed","sticky":false,"template":"","format":"standard","meta":{"footnotes":""},"categories":[597,467],"tags":[],"class_list":["post-90357","post","type-post","status-publish","format-standard","has-post-thumbnail","","category-cinta-de-noticias","category-siria-y-el-mundo"],"_links":{"self":[{"href":"https:\/\/archive.sana.sy\/es\/index.php?rest_route=\/wp\/v2\/posts\/90357"}],"collection":[{"href":"https:\/\/archive.sana.sy\/es\/index.php?rest_route=\/wp\/v2\/posts"}],"about":[{"href":"https:\/\/archive.sana.sy\/es\/index.php?rest_route=\/wp\/v2\/types\/post"}],"author":[{"embeddable":true,"href":"https:\/\/archive.sana.sy\/es\/index.php?rest_route=\/wp\/v2\/users\/24"}],"replies":[{"embeddable":true,"href":"https:\/\/archive.sana.sy\/es\/index.php?rest_route=%2Fwp%2Fv2%2Fcomments&post=90357"}],"version-history":[{"count":0,"href":"https:\/\/archive.sana.sy\/es\/index.php?rest_route=\/wp\/v2\/posts\/90357\/revisions"}],"wp:featuredmedia":[{"embeddable":true,"href":"https:\/\/archive.sana.sy\/es\/index.php?rest_route=\/wp\/v2\/media\/90358"}],"wp:attachment":[{"href":"https:\/\/archive.sana.sy\/es\/index.php?rest_route=%2Fwp%2Fv2%2Fmedia&parent=90357"}],"wp:term":[{"taxonomy":"category","embeddable":true,"href":"https:\/\/archive.sana.sy\/es\/index.php?rest_route=%2Fwp%2Fv2%2Fcategories&post=90357"},{"taxonomy":"post_tag","embeddable":true,"href":"https:\/\/archive.sana.sy\/es\/index.php?rest_route=%2Fwp%2Fv2%2Ftags&post=90357"}],"curies":[{"name":"wp","href":"https:\/\/api.w.org\/{rel}","templated":true}]}}