{"id":90392,"date":"2018-10-04T14:45:58","date_gmt":"2018-10-04T11:45:58","guid":{"rendered":"https:\/\/www.sana.sy\/es\/?p=90392"},"modified":"2018-10-04T15:25:25","modified_gmt":"2018-10-04T12:25:25","slug":"moscu-los-terroristas-siguen-preparandose-para-cometer-provocaciones-en-idleb","status":"publish","type":"post","link":"https:\/\/archive.sana.sy\/es\/?p=90392","title":{"rendered":"Mosc\u00fa : los terroristas siguen prepar\u00e1ndose para cometer provocaciones en Idleb"},"content":{"rendered":"<p style=\"text-align: justify\"><span style=\"color: #800000\">Mosc\u00fa, SANA<\/span><\/p>\n<p style=\"text-align: justify\">La portavoz de la canciller\u00eda rusa, Mar\u00eda Zakharova, dijo que las agrupaciones terroristas, principalmente el Frente al-Nusra, siguen prepar\u00e1ndose para cometer provocaciones en Idleb, e indic\u00f3 que a\u00fan se reciben informaci\u00f3n sobre la simulaci\u00f3n de ataques qu\u00edmicos all\u00ed.<\/p>\n<p style=\"text-align: justify\">Zakharova preciso que los terroristas tras la implementaci\u00f3n de los acuerdos ruso-turcos sobre Idleb, temen ser aislados y por ello proceden a cometer varios tipos de provocaciones \u00a0con armas qu\u00edmicas para acusar las fuerzas gubernamentales.<\/p>\n<p style=\"text-align: justify\">La vocera rusa manifest\u00f3 su preocupaci\u00f3n de que los civiles secuestrados por los terroristas sean\u00a0 v\u00edctimas de tales actos .<\/p>\n<p style=\"text-align: justify\">El 12 de septiembre, el Ministerio de Defensa ruso advirti\u00f3 que los terroristas se preparan para fabricar \u00a0ataque qu\u00edmico contra civiles en Idleb en aras de acusar el ej\u00e9rcito sirio.<\/p>\n<p style=\"text-align: justify\"><span style=\"color: #0000ff\">Ammar H.\/ F. Marouf<\/span><\/p>\n","protected":false},"excerpt":{"rendered":"<p>Mosc\u00fa, SANA La portavoz de la canciller\u00eda rusa, Mar\u00eda Zakharova, dijo que las agrupaciones terroristas, principalmente el Frente al-Nusra, siguen prepar\u00e1ndose para cometer provocaciones en Idleb, e indic\u00f3 que a\u00fan se reciben informaci\u00f3n sobre la simulaci\u00f3n de ataques qu\u00edmicos all\u00ed. Zakharova preciso que los terroristas tras la implementaci\u00f3n de los acuerdos ruso-turcos sobre Idleb, temen &hellip;<\/p>\n","protected":false},"author":30,"featured_media":90393,"comment_status":"closed","ping_status":"closed","sticky":false,"template":"","format":"standard","meta":{"footnotes":""},"categories":[597,467,7541],"tags":[12827],"class_list":["post-90392","post","type-post","status-publish","format-standard","has-post-thumbnail","","category-cinta-de-noticias","category-siria-y-el-mundo","category-ultimas-noticias","tag-moscu-los-terroristas-siguen-preparandose-para-cometer-provocaciones-en-idleb"],"_links":{"self":[{"href":"https:\/\/archive.sana.sy\/es\/index.php?rest_route=\/wp\/v2\/posts\/90392"}],"collection":[{"href":"https:\/\/archive.sana.sy\/es\/index.php?rest_route=\/wp\/v2\/posts"}],"about":[{"href":"https:\/\/archive.sana.sy\/es\/index.php?rest_route=\/wp\/v2\/types\/post"}],"author":[{"embeddable":true,"href":"https:\/\/archive.sana.sy\/es\/index.php?rest_route=\/wp\/v2\/users\/30"}],"replies":[{"embeddable":true,"href":"https:\/\/archive.sana.sy\/es\/index.php?rest_route=%2Fwp%2Fv2%2Fcomments&post=90392"}],"version-history":[{"count":0,"href":"https:\/\/archive.sana.sy\/es\/index.php?rest_route=\/wp\/v2\/posts\/90392\/revisions"}],"wp:featuredmedia":[{"embeddable":true,"href":"https:\/\/archive.sana.sy\/es\/index.php?rest_route=\/wp\/v2\/media\/90393"}],"wp:attachment":[{"href":"https:\/\/archive.sana.sy\/es\/index.php?rest_route=%2Fwp%2Fv2%2Fmedia&parent=90392"}],"wp:term":[{"taxonomy":"category","embeddable":true,"href":"https:\/\/archive.sana.sy\/es\/index.php?rest_route=%2Fwp%2Fv2%2Fcategories&post=90392"},{"taxonomy":"post_tag","embeddable":true,"href":"https:\/\/archive.sana.sy\/es\/index.php?rest_route=%2Fwp%2Fv2%2Ftags&post=90392"}],"curies":[{"name":"wp","href":"https:\/\/api.w.org\/{rel}","templated":true}]}}