{"id":90401,"date":"2018-10-04T19:29:06","date_gmt":"2018-10-04T16:29:06","guid":{"rendered":"https:\/\/www.sana.sy\/es\/?p=90401"},"modified":"2018-10-04T19:29:21","modified_gmt":"2018-10-04T16:29:21","slug":"90401","status":"publish","type":"post","link":"https:\/\/archive.sana.sy\/es\/?p=90401","title":{"rendered":"Siria y Corea pretenden fortalecer relaciones parlamentarias"},"content":{"rendered":"<p>Pyongyang-SANA<\/p>\n<p>Una delegaci\u00f3n de la Asamblea Popular, examin\u00f3 con el Presidente de la Asamblea Popular Suprema de la Rep\u00fablica Popular Democr\u00e1tica de Corea (RPDC), Choe Thae Bok, los medios para reforzar las relaciones bilaterales.<\/p>\n<p>Bok reafirm\u00f3 la admiraci\u00f3n de su pa\u00eds por la gran firmeza que mostr\u00f3 el pueblo sirio y su liderazgo ante la feroz guerra librada contra Siria, llamando a promover las relaciones bilaterales entre ambos pa\u00edses.<\/p>\n<p>A su vez, el vicepresidente de la Asamblea Popular Najdat Anzour dijo que la visita de la delegaci\u00f3n siria tiene como objetivo desarrollar las relaciones entre los dos pa\u00edses, especialmente a nivel de parlamentos.<\/p>\n<p>Tambi\u00e9n expres\u00f3 el aprecio de Siria por el pueblo de la RPDC y por sus posturas en pro de Siria.<\/p>\n<p>&nbsp;<\/p>\n<p>Y.K.<\/p>\n","protected":false},"excerpt":{"rendered":"<p>Pyongyang-SANA Una delegaci\u00f3n de la Asamblea Popular, examin\u00f3 con el Presidente de la Asamblea Popular Suprema de la Rep\u00fablica Popular Democr\u00e1tica de Corea (RPDC), Choe Thae Bok, los medios para reforzar las relaciones bilaterales. Bok reafirm\u00f3 la admiraci\u00f3n de su pa\u00eds por la gran firmeza que mostr\u00f3 el pueblo sirio y su liderazgo ante la &hellip;<\/p>\n","protected":false},"author":1,"featured_media":90402,"comment_status":"closed","ping_status":"closed","sticky":false,"template":"","format":"standard","meta":{"footnotes":""},"categories":[467,7541],"tags":[],"class_list":["post-90401","post","type-post","status-publish","format-standard","has-post-thumbnail","","category-siria-y-el-mundo","category-ultimas-noticias"],"_links":{"self":[{"href":"https:\/\/archive.sana.sy\/es\/index.php?rest_route=\/wp\/v2\/posts\/90401"}],"collection":[{"href":"https:\/\/archive.sana.sy\/es\/index.php?rest_route=\/wp\/v2\/posts"}],"about":[{"href":"https:\/\/archive.sana.sy\/es\/index.php?rest_route=\/wp\/v2\/types\/post"}],"author":[{"embeddable":true,"href":"https:\/\/archive.sana.sy\/es\/index.php?rest_route=\/wp\/v2\/users\/1"}],"replies":[{"embeddable":true,"href":"https:\/\/archive.sana.sy\/es\/index.php?rest_route=%2Fwp%2Fv2%2Fcomments&post=90401"}],"version-history":[{"count":0,"href":"https:\/\/archive.sana.sy\/es\/index.php?rest_route=\/wp\/v2\/posts\/90401\/revisions"}],"wp:featuredmedia":[{"embeddable":true,"href":"https:\/\/archive.sana.sy\/es\/index.php?rest_route=\/wp\/v2\/media\/90402"}],"wp:attachment":[{"href":"https:\/\/archive.sana.sy\/es\/index.php?rest_route=%2Fwp%2Fv2%2Fmedia&parent=90401"}],"wp:term":[{"taxonomy":"category","embeddable":true,"href":"https:\/\/archive.sana.sy\/es\/index.php?rest_route=%2Fwp%2Fv2%2Fcategories&post=90401"},{"taxonomy":"post_tag","embeddable":true,"href":"https:\/\/archive.sana.sy\/es\/index.php?rest_route=%2Fwp%2Fv2%2Ftags&post=90401"}],"curies":[{"name":"wp","href":"https:\/\/api.w.org\/{rel}","templated":true}]}}