{"id":90408,"date":"2018-10-04T20:22:31","date_gmt":"2018-10-04T17:22:31","guid":{"rendered":"https:\/\/www.sana.sy\/es\/?p=90408"},"modified":"2018-10-05T11:15:02","modified_gmt":"2018-10-05T08:15:02","slug":"ffaa-logran-nuevos-avances-en-sweida","status":"publish","type":"post","link":"https:\/\/archive.sana.sy\/es\/?p=90408","title":{"rendered":"FFAA logran nuevos avances en las colinas Al-Safa en  Sweida"},"content":{"rendered":"<p style=\"text-align: justify\"><span style=\"color: #800000\">Sweida-SANA<\/span><\/p>\n<p style=\"text-align: justify\">Las Fuerzas Armadas, secundados por fuerzas populares han liberado nuevas zonas de terroristas del EIIL, en Direcci\u00f3n de Qabe Shiek Husien, desierto este de la provincia de Sweida.<\/p>\n<p style=\"text-align: justify\">Seg\u00fan informaciones, el ej\u00e9rcito sirio retom\u00f3 el control sobre la zona de Qaa Banat, la cual se caracteriza por ser una regi\u00f3n muy rocosa y llena de cuevas y estanques de agua.<\/p>\n<p style=\"text-align: justify\">Destacan que las fuerzas de incursi\u00f3n libraron fuertes enfrentamientos con los terroristas de DAESH durante sus avances, mientras que los aviones de combate y la artiller\u00eda dieron un fuego de cobertura a las fuerzas atacantes.<\/p>\n<p style=\"text-align: justify\"><span style=\"color: #0000ff\">Y.K.<\/span><\/p>\n","protected":false},"excerpt":{"rendered":"<p>Sweida-SANA Las Fuerzas Armadas, secundados por fuerzas populares han liberado nuevas zonas de terroristas del EIIL, en Direcci\u00f3n de Qabe Shiek Husien, desierto este de la provincia de Sweida. Seg\u00fan informaciones, el ej\u00e9rcito sirio retom\u00f3 el control sobre la zona de Qaa Banat, la cual se caracteriza por ser una regi\u00f3n muy rocosa y llena &hellip;<\/p>\n","protected":false},"author":1,"featured_media":90410,"comment_status":"closed","ping_status":"closed","sticky":false,"template":"","format":"standard","meta":{"footnotes":""},"categories":[597,573,583],"tags":[12832],"class_list":["post-90408","post","type-post","status-publish","format-standard","has-post-thumbnail","","category-cinta-de-noticias","category-la-realidad-de-los-acontecimientos-en-siria","category-slide","tag-ffaa-logran-nuevos-avances-en-las-colinas-al-safa-en-sweida"],"_links":{"self":[{"href":"https:\/\/archive.sana.sy\/es\/index.php?rest_route=\/wp\/v2\/posts\/90408"}],"collection":[{"href":"https:\/\/archive.sana.sy\/es\/index.php?rest_route=\/wp\/v2\/posts"}],"about":[{"href":"https:\/\/archive.sana.sy\/es\/index.php?rest_route=\/wp\/v2\/types\/post"}],"author":[{"embeddable":true,"href":"https:\/\/archive.sana.sy\/es\/index.php?rest_route=\/wp\/v2\/users\/1"}],"replies":[{"embeddable":true,"href":"https:\/\/archive.sana.sy\/es\/index.php?rest_route=%2Fwp%2Fv2%2Fcomments&post=90408"}],"version-history":[{"count":0,"href":"https:\/\/archive.sana.sy\/es\/index.php?rest_route=\/wp\/v2\/posts\/90408\/revisions"}],"wp:featuredmedia":[{"embeddable":true,"href":"https:\/\/archive.sana.sy\/es\/index.php?rest_route=\/wp\/v2\/media\/90410"}],"wp:attachment":[{"href":"https:\/\/archive.sana.sy\/es\/index.php?rest_route=%2Fwp%2Fv2%2Fmedia&parent=90408"}],"wp:term":[{"taxonomy":"category","embeddable":true,"href":"https:\/\/archive.sana.sy\/es\/index.php?rest_route=%2Fwp%2Fv2%2Fcategories&post=90408"},{"taxonomy":"post_tag","embeddable":true,"href":"https:\/\/archive.sana.sy\/es\/index.php?rest_route=%2Fwp%2Fv2%2Ftags&post=90408"}],"curies":[{"name":"wp","href":"https:\/\/api.w.org\/{rel}","templated":true}]}}