{"id":90418,"date":"2018-10-05T08:40:43","date_gmt":"2018-10-05T05:40:43","guid":{"rendered":"https:\/\/www.sana.sy\/es\/?p=90418"},"modified":"2018-10-05T11:05:56","modified_gmt":"2018-10-05T08:05:56","slug":"damasco-alepo-en-el-festival-de-alejandria","status":"publish","type":"post","link":"https:\/\/archive.sana.sy\/es\/?p=90418","title":{"rendered":"&#8220;Damasco Alepo&#8221; en el Festival de Alejandr\u00eda"},"content":{"rendered":"<p style=\"text-align: justify\"><span style=\"color: #800000\">El Cairo, SANA<\/span><\/p>\n<p style=\"text-align: justify\">La 34\u00aa edici\u00f3n del Festival Cinematogr\u00e1fico de Alejandr\u00eda para los pa\u00edses del Mediterr\u00e1neo comenz\u00f3 con la exhibici\u00f3n del largometraje sirio &#8220;Damasco Alepo&#8221; del productor Bassel al-Khatib, adem\u00e1s fue homenajeado el artista Abbas el-Nuri por el conjunto de su trayectoria art\u00edstica.<\/p>\n<p style=\"text-align: justify\">El filme es una producci\u00f3n del Establecimiento General de Cine, en el cual el c\u00e9lebre actor Dured Laham juega el rol de protagonista.<\/p>\n<p style=\"text-align: justify\">En el festival participan varios actores y cineastas sirios invitados por el Ministerio de Cultura egipcio.<\/p>\n<p style=\"text-align: justify\"><span style=\"color: #0000ff\">Dr. A. Shaban\/ Ammar H.<\/span><\/p>\n","protected":false},"excerpt":{"rendered":"<p>El Cairo, SANA La 34\u00aa edici\u00f3n del Festival Cinematogr\u00e1fico de Alejandr\u00eda para los pa\u00edses del Mediterr\u00e1neo comenz\u00f3 con la exhibici\u00f3n del largometraje sirio &#8220;Damasco Alepo&#8221; del productor Bassel al-Khatib, adem\u00e1s fue homenajeado el artista Abbas el-Nuri por el conjunto de su trayectoria art\u00edstica. El filme es una producci\u00f3n del Establecimiento General de Cine, en el &hellip;<\/p>\n","protected":false},"author":30,"featured_media":90419,"comment_status":"closed","ping_status":"closed","sticky":false,"template":"","format":"standard","meta":{"footnotes":""},"categories":[597,510,7541],"tags":[12830],"class_list":["post-90418","post","type-post","status-publish","format-standard","has-post-thumbnail","","category-cinta-de-noticias","category-arte-y-cultura","category-ultimas-noticias","tag-damasco-alepo-en-el-festival-de-alejandria"],"_links":{"self":[{"href":"https:\/\/archive.sana.sy\/es\/index.php?rest_route=\/wp\/v2\/posts\/90418"}],"collection":[{"href":"https:\/\/archive.sana.sy\/es\/index.php?rest_route=\/wp\/v2\/posts"}],"about":[{"href":"https:\/\/archive.sana.sy\/es\/index.php?rest_route=\/wp\/v2\/types\/post"}],"author":[{"embeddable":true,"href":"https:\/\/archive.sana.sy\/es\/index.php?rest_route=\/wp\/v2\/users\/30"}],"replies":[{"embeddable":true,"href":"https:\/\/archive.sana.sy\/es\/index.php?rest_route=%2Fwp%2Fv2%2Fcomments&post=90418"}],"version-history":[{"count":0,"href":"https:\/\/archive.sana.sy\/es\/index.php?rest_route=\/wp\/v2\/posts\/90418\/revisions"}],"wp:featuredmedia":[{"embeddable":true,"href":"https:\/\/archive.sana.sy\/es\/index.php?rest_route=\/wp\/v2\/media\/90419"}],"wp:attachment":[{"href":"https:\/\/archive.sana.sy\/es\/index.php?rest_route=%2Fwp%2Fv2%2Fmedia&parent=90418"}],"wp:term":[{"taxonomy":"category","embeddable":true,"href":"https:\/\/archive.sana.sy\/es\/index.php?rest_route=%2Fwp%2Fv2%2Fcategories&post=90418"},{"taxonomy":"post_tag","embeddable":true,"href":"https:\/\/archive.sana.sy\/es\/index.php?rest_route=%2Fwp%2Fv2%2Ftags&post=90418"}],"curies":[{"name":"wp","href":"https:\/\/api.w.org\/{rel}","templated":true}]}}