{"id":90453,"date":"2018-10-05T09:28:32","date_gmt":"2018-10-05T06:28:32","guid":{"rendered":"https:\/\/www.sana.sy\/es\/?p=90453"},"modified":"2018-10-05T15:33:00","modified_gmt":"2018-10-05T12:33:00","slug":"cincuenta-pinturas-resumen-la-historia-de-cuadros-pintados-por-ninos-de-la-ghuta-del-este","status":"publish","type":"post","link":"https:\/\/archive.sana.sy\/es\/?p=90453","title":{"rendered":"Cincuenta pinturas resumen la historia de cuadros pintados por ni\u00f1os de la Ghuta del Este"},"content":{"rendered":"<p style=\"text-align: justify\"><span style=\"color: #800000\">Damasco, SANA<\/span><\/p>\n<p style=\"text-align: justify\">Cincuenta pinturas han resumido la historia de cuadros pintados por los dedos de ni\u00f1os de la Ghuta oriental, las mismas se exhiben en la exposici\u00f3n art\u00edstica llevada a cabo en la galer\u00eda as-Sayed.<\/p>\n<p style=\"text-align: justify\">La exposici\u00f3n realizada por la Fundaci\u00f3n de Salud &#8220;al-Cham&#8221; en cooperaci\u00f3n con el Ministerio de Asuntos Sociales y Labor ha reunido tres mil cuadros trabajados por los ni\u00f1os con amor para expresar sus sue\u00f1os y esperanzas cifradas en el futuro tras a\u00f1os de vida bajo el yugo terrorista; sus obras reflejan su amor por la patria y su esperanza en la reconstrucci\u00f3n.<\/p>\n<p style=\"text-align: justify\">La directora de la Galer\u00eda As-Sayed dijo que &#8220;la exposici\u00f3n refleja un estado humano que necesitamos pues a trav\u00e9s de la misma hemos conocido a esos ni\u00f1os y a sus ideas, esperanzas y aspiraciones, por tanto tales iniciativas son merecedoras de apoyo y respaldo porque los ni\u00f1os son el futuro de nuestro pa\u00eds y hay que brindarles todo cuidado y atenci\u00f3n.<\/p>\n<p style=\"text-align: justify\"><span style=\"color: #0000ff\">Dr. A. Shaban\/Riad Sh.<\/span><\/p>\n<p>\u00a0 \u00a0<img decoding=\"async\" src=\"https:\/\/www.sana.sy\/wp-content\/uploads\/2018\/10\/DSC00088-300x168.jpg\" \/>\u00a0 \u00a0 \u00a0 \u00a0 \u00a0 \u00a0 \u00a0 \u00a0 \u00a0 \u00a0 \u00a0 \u00a0 \u00a0 \u00a0 \u00a0 \u00a0 \u00a0\u00a0<img decoding=\"async\" src=\"https:\/\/www.sana.sy\/wp-content\/uploads\/2018\/10\/DSC00084-300x168.jpg\" \/><\/p>\n<p><img decoding=\"async\" src=\"https:\/\/www.sana.sy\/wp-content\/uploads\/2018\/10\/DSC00104-300x168.jpg\" \/><\/p>\n","protected":false},"excerpt":{"rendered":"<p>Damasco, SANA Cincuenta pinturas han resumido la historia de cuadros pintados por los dedos de ni\u00f1os de la Ghuta oriental, las mismas se exhiben en la exposici\u00f3n art\u00edstica llevada a cabo en la galer\u00eda as-Sayed. La exposici\u00f3n realizada por la Fundaci\u00f3n de Salud &#8220;al-Cham&#8221; en cooperaci\u00f3n con el Ministerio de Asuntos Sociales y Labor ha &hellip;<\/p>\n","protected":false},"author":30,"featured_media":90454,"comment_status":"closed","ping_status":"closed","sticky":false,"template":"","format":"standard","meta":{"footnotes":""},"categories":[597,510,7541],"tags":[12838],"class_list":["post-90453","post","type-post","status-publish","format-standard","has-post-thumbnail","","category-cinta-de-noticias","category-arte-y-cultura","category-ultimas-noticias","tag-cincuenta-pinturas-resumen-la-historia-de-cuadros-pintados-por-ninos-de-la-ghuta-del-este"],"_links":{"self":[{"href":"https:\/\/archive.sana.sy\/es\/index.php?rest_route=\/wp\/v2\/posts\/90453"}],"collection":[{"href":"https:\/\/archive.sana.sy\/es\/index.php?rest_route=\/wp\/v2\/posts"}],"about":[{"href":"https:\/\/archive.sana.sy\/es\/index.php?rest_route=\/wp\/v2\/types\/post"}],"author":[{"embeddable":true,"href":"https:\/\/archive.sana.sy\/es\/index.php?rest_route=\/wp\/v2\/users\/30"}],"replies":[{"embeddable":true,"href":"https:\/\/archive.sana.sy\/es\/index.php?rest_route=%2Fwp%2Fv2%2Fcomments&post=90453"}],"version-history":[{"count":0,"href":"https:\/\/archive.sana.sy\/es\/index.php?rest_route=\/wp\/v2\/posts\/90453\/revisions"}],"wp:featuredmedia":[{"embeddable":true,"href":"https:\/\/archive.sana.sy\/es\/index.php?rest_route=\/wp\/v2\/media\/90454"}],"wp:attachment":[{"href":"https:\/\/archive.sana.sy\/es\/index.php?rest_route=%2Fwp%2Fv2%2Fmedia&parent=90453"}],"wp:term":[{"taxonomy":"category","embeddable":true,"href":"https:\/\/archive.sana.sy\/es\/index.php?rest_route=%2Fwp%2Fv2%2Fcategories&post=90453"},{"taxonomy":"post_tag","embeddable":true,"href":"https:\/\/archive.sana.sy\/es\/index.php?rest_route=%2Fwp%2Fv2%2Ftags&post=90453"}],"curies":[{"name":"wp","href":"https:\/\/api.w.org\/{rel}","templated":true}]}}