{"id":90540,"date":"2018-10-06T17:09:20","date_gmt":"2018-10-06T14:09:20","guid":{"rendered":"https:\/\/www.sana.sy\/es\/?p=90540"},"modified":"2023-01-10T15:16:19","modified_gmt":"2023-01-10T13:16:19","slug":"la-feria-de-reconstruccion-empresas-arabes-y-extranjeras-preparan-oficinas-en-damasco","status":"publish","type":"post","link":"https:\/\/archive.sana.sy\/es\/?p=90540","title":{"rendered":"La Feria de Reconstrucci\u00f3n\u2026 empresas \u00e1rabes y extranjeras preparan oficinas en Damasco"},"content":{"rendered":"<p style=\"text-align: justify\"><span style=\"color: #800000\">Damasco, SANA<\/span><\/p>\n<p style=\"text-align: justify\">Despu\u00e9s de una ausencia de a\u00f1os las empresas \u00e1rabes y extranjeras marcan una presencia creciente en las ferias sirias integrales o especializadas, lo \u00faltimo en este contexto ha sido la participaci\u00f3n de 29 estados en la 4\u00aa edici\u00f3n de la Feria de Reconstrucci\u00f3n de siria que se desarrolla en estos momentos en la Ciudad de Ferias.<\/p>\n<p style=\"text-align: justify\">El pabell\u00f3n liban\u00e9s ocupa la mayor superficie despu\u00e9s del pabell\u00f3n sirio gracias a la participaci\u00f3n de 42 empresas y franquicias de empresas extranjeras de madera, decoraci\u00f3n y cocinas.<\/p>\n<p style=\"text-align: justify\">En la feria participan 11 compa\u00f1\u00edas iran\u00edes de diversas especialidades, adem\u00e1s de empresas de Jordania, Rusia, China, Francia, Italia, Bielorrusia, Brasil, Macedonia, Indonesia, Sud\u00e1frica, Serbia, Dinamarca, Grecia, Espa\u00f1a, Venezuela, Pakist\u00e1n, Cuba, Alemania, Irak, Om\u00e1n, La India, Ruman\u00eda, B\u00e9lgica y Tanzania.<\/p>\n<p style=\"text-align: justify\"><span style=\"color: #0000ff\">Riad Sh.\/ Ammar H.<\/span><\/p>\n","protected":false},"excerpt":{"rendered":"<p>Damasco, SANA Despu\u00e9s de una ausencia de a\u00f1os las empresas \u00e1rabes y extranjeras marcan una presencia creciente en las ferias sirias integrales o especializadas, lo \u00faltimo en este contexto ha sido la participaci\u00f3n de 29 estados en la 4\u00aa edici\u00f3n de la Feria de Reconstrucci\u00f3n de siria que se desarrolla en estos momentos en la &hellip;<\/p>\n","protected":false},"author":30,"featured_media":90541,"comment_status":"closed","ping_status":"closed","sticky":false,"template":"","format":"standard","meta":{"footnotes":""},"categories":[597,485,7541],"tags":[12857],"class_list":["post-90540","post","type-post","status-publish","format-standard","has-post-thumbnail","","category-cinta-de-noticias","category-informes-negocios-y-finanzas","category-ultimas-noticias","tag-la-feria-de-reconstruccion-empresas-arabes-y-extranjeras-preparan-oficinas-en-damasco"],"_links":{"self":[{"href":"https:\/\/archive.sana.sy\/es\/index.php?rest_route=\/wp\/v2\/posts\/90540"}],"collection":[{"href":"https:\/\/archive.sana.sy\/es\/index.php?rest_route=\/wp\/v2\/posts"}],"about":[{"href":"https:\/\/archive.sana.sy\/es\/index.php?rest_route=\/wp\/v2\/types\/post"}],"author":[{"embeddable":true,"href":"https:\/\/archive.sana.sy\/es\/index.php?rest_route=\/wp\/v2\/users\/30"}],"replies":[{"embeddable":true,"href":"https:\/\/archive.sana.sy\/es\/index.php?rest_route=%2Fwp%2Fv2%2Fcomments&post=90540"}],"version-history":[{"count":0,"href":"https:\/\/archive.sana.sy\/es\/index.php?rest_route=\/wp\/v2\/posts\/90540\/revisions"}],"wp:featuredmedia":[{"embeddable":true,"href":"https:\/\/archive.sana.sy\/es\/index.php?rest_route=\/wp\/v2\/media\/90541"}],"wp:attachment":[{"href":"https:\/\/archive.sana.sy\/es\/index.php?rest_route=%2Fwp%2Fv2%2Fmedia&parent=90540"}],"wp:term":[{"taxonomy":"category","embeddable":true,"href":"https:\/\/archive.sana.sy\/es\/index.php?rest_route=%2Fwp%2Fv2%2Fcategories&post=90540"},{"taxonomy":"post_tag","embeddable":true,"href":"https:\/\/archive.sana.sy\/es\/index.php?rest_route=%2Fwp%2Fv2%2Ftags&post=90540"}],"curies":[{"name":"wp","href":"https:\/\/api.w.org\/{rel}","templated":true}]}}