{"id":90543,"date":"2018-10-06T17:19:55","date_gmt":"2018-10-06T14:19:55","guid":{"rendered":"https:\/\/www.sana.sy\/es\/?p=90543"},"modified":"2018-10-06T17:19:55","modified_gmt":"2018-10-06T14:19:55","slug":"los-golaneses-conmemoran-la-gesta-libertadora-de-octubre-de-1973","status":"publish","type":"post","link":"https:\/\/archive.sana.sy\/es\/?p=90543","title":{"rendered":"Los Golaneses conmemoran la gesta libertadora de Octubre de 1973"},"content":{"rendered":"<p style=\"text-align: justify\"><span style=\"color: #800000\">Quneitra, SANA<\/span><\/p>\n<p style=\"text-align: justify\">Los residentes de Quneitra y del ocupado Gol\u00e1n sirio conmemoraron hoy el 45\u00ba aniversario de la Guerra de Octubre en el sitio de Ain al-Tinah, que divisa la localidad de Majdal Shams y celebraron un festival popular con motivo de la retoma de esas celebraciones que en a\u00f1os anteriores fueron interrumpidos debido a la presencia de terroristas en la regi\u00f3n.<\/p>\n<p style=\"text-align: justify\">Los participantes renovaron la confianza de los sirios en la liberaci\u00f3n de todo el Gol\u00e1n de la ocupaci\u00f3n y lanzar la bandera nacional sobre su suelo.<\/p>\n<p style=\"text-align: justify\">Su Eminencia, el Gran Muft\u00ed de la Rep\u00fablica, el Dr. Ahmad Badr al-Din Hassoun, afirm\u00f3 que los hijos del Gol\u00e1n aferrados a su tierra y pertenencia malograron con sus posturas patri\u00f3ticas los sue\u00f1os sionistas al preservar su propia entidad en nuestra tierra.<\/p>\n<p style=\"text-align: justify\">En el discurso de los partidos del Frente Nacional Progresista, Mohamed Hassan al-Dagaila, secretario de la rama del \u201cPacto Nacional\u201d en Quneitra, dijo que el Ej\u00e9rcito \u00c1rabe Sirio est\u00e1 librando actualmente las batallas m\u00e1s feroces contra el terrorismo mundial para complementar la guerra de Octubre de 1973, que fue y seguir\u00e1 siendo un faro de nuestro pueblo y nuestro ej\u00e9rcito nacional.<\/p>\n<p style=\"text-align: justify\"><span style=\"color: #0000ff\">Ammar H.\/ Riad Sh.<\/span><\/p>\n","protected":false},"excerpt":{"rendered":"<p>Quneitra, SANA Los residentes de Quneitra y del ocupado Gol\u00e1n sirio conmemoraron hoy el 45\u00ba aniversario de la Guerra de Octubre en el sitio de Ain al-Tinah, que divisa la localidad de Majdal Shams y celebraron un festival popular con motivo de la retoma de esas celebraciones que en a\u00f1os anteriores fueron interrumpidos debido a &hellip;<\/p>\n","protected":false},"author":30,"featured_media":90544,"comment_status":"closed","ping_status":"closed","sticky":false,"template":"","format":"standard","meta":{"footnotes":""},"categories":[597,476,467,7541],"tags":[12858],"class_list":["post-90543","post","type-post","status-publish","format-standard","has-post-thumbnail","","category-cinta-de-noticias","category-locales","category-siria-y-el-mundo","category-ultimas-noticias","tag-los-golaneses-conmemoran-la-gesta-libertadora-de-octubre-de-1973"],"_links":{"self":[{"href":"https:\/\/archive.sana.sy\/es\/index.php?rest_route=\/wp\/v2\/posts\/90543"}],"collection":[{"href":"https:\/\/archive.sana.sy\/es\/index.php?rest_route=\/wp\/v2\/posts"}],"about":[{"href":"https:\/\/archive.sana.sy\/es\/index.php?rest_route=\/wp\/v2\/types\/post"}],"author":[{"embeddable":true,"href":"https:\/\/archive.sana.sy\/es\/index.php?rest_route=\/wp\/v2\/users\/30"}],"replies":[{"embeddable":true,"href":"https:\/\/archive.sana.sy\/es\/index.php?rest_route=%2Fwp%2Fv2%2Fcomments&post=90543"}],"version-history":[{"count":0,"href":"https:\/\/archive.sana.sy\/es\/index.php?rest_route=\/wp\/v2\/posts\/90543\/revisions"}],"wp:featuredmedia":[{"embeddable":true,"href":"https:\/\/archive.sana.sy\/es\/index.php?rest_route=\/wp\/v2\/media\/90544"}],"wp:attachment":[{"href":"https:\/\/archive.sana.sy\/es\/index.php?rest_route=%2Fwp%2Fv2%2Fmedia&parent=90543"}],"wp:term":[{"taxonomy":"category","embeddable":true,"href":"https:\/\/archive.sana.sy\/es\/index.php?rest_route=%2Fwp%2Fv2%2Fcategories&post=90543"},{"taxonomy":"post_tag","embeddable":true,"href":"https:\/\/archive.sana.sy\/es\/index.php?rest_route=%2Fwp%2Fv2%2Ftags&post=90543"}],"curies":[{"name":"wp","href":"https:\/\/api.w.org\/{rel}","templated":true}]}}