{"id":90565,"date":"2018-10-07T09:00:36","date_gmt":"2018-10-07T06:00:36","guid":{"rendered":"https:\/\/www.sana.sy\/es\/?p=90565"},"modified":"2018-10-07T10:39:43","modified_gmt":"2018-10-07T07:39:43","slug":"industria-farmaceutica-siria-cubre-90-de-las-necesidades-del-mercado-sirio","status":"publish","type":"post","link":"https:\/\/archive.sana.sy\/es\/?p=90565","title":{"rendered":"Industria farmac\u00e9utica siria cubre 90% de las necesidades del mercado sirio"},"content":{"rendered":"<p style=\"text-align: justify;\"><span style=\"color: #800000;\">Damasco, SANA<\/span><\/p>\n<p style=\"text-align: justify;\">Una planta de medicamentos contra el c\u00e1ncer comenzar\u00e1 a producir a partir del pr\u00f3ximo mes, afirm\u00f3 el jefe de Asociaci\u00f3n de Farmac\u00e9uticos sirio, Mahmoud Hassan.<\/p>\n<p style=\"text-align: justify;\">Seg\u00fan Hassan, la nueva planta es una de las m\u00e1s grandes en la regi\u00f3n y la primera de su tipo para la producci\u00f3n de medicamentos contra el c\u00e1ncer en Siria, y cubrir\u00e1 las necesidades de Siria de medicamentos contra el c\u00e1ncer.<\/p>\n<p style=\"text-align: justify;\">Precis\u00f3 que la planta puede producir la mayor\u00eda de los medicamentos contra el c\u00e1ncer, con licencia de compa\u00f1\u00edas farmac\u00e9uticas internacionales.<\/p>\n<p style=\"text-align: justify;\">Por otro lado, revel\u00f3 que tres nuevas plantas farmac\u00e9uticas para producci\u00f3n de medicamentos tradicionales comenzar\u00e1n a producir a principios del pr\u00f3ximo a\u00f1o.<\/p>\n<p style=\"text-align: justify;\">La industria farmac\u00e9utica est\u00e1 experimentando una gran recuperaci\u00f3n tras siete a\u00f1os de guerra y cubre actualmente el 90% de las necesidades del mercado local.<\/p>\n<p style=\"text-align: justify;\">Por otro lado, el n\u00famero de medicamentos escasos en Siria se redujo de 680 en 2016 a 100 durante el a\u00f1o 2018.<\/p>\n<p style=\"text-align: justify;\">Antes de la guerra, las industrias farmac\u00e9uticas sirias cubr\u00edan el 93% de las necesidades del mercado nacional y se exportaron a aproximadamente 59 pa\u00edses.<\/p>\n<p style=\"text-align: justify;\"><span style=\"color: #0000ff;\">F. Marouf\/ Ammar H.<\/span><\/p>\n","protected":false},"excerpt":{"rendered":"<p>Damasco, SANA Una planta de medicamentos contra el c\u00e1ncer comenzar\u00e1 a producir a partir del pr\u00f3ximo mes, afirm\u00f3 el jefe de Asociaci\u00f3n de Farmac\u00e9uticos sirio, Mahmoud Hassan. Seg\u00fan Hassan, la nueva planta es una de las m\u00e1s grandes en la regi\u00f3n y la primera de su tipo para la producci\u00f3n de medicamentos contra el c\u00e1ncer &hellip;<\/p>\n","protected":false},"author":1,"featured_media":90566,"comment_status":"closed","ping_status":"closed","sticky":false,"template":"","format":"standard","meta":{"footnotes":""},"categories":[597,476,7541],"tags":[12864],"class_list":["post-90565","post","type-post","status-publish","format-standard","has-post-thumbnail","","category-cinta-de-noticias","category-locales","category-ultimas-noticias","tag-industria-farmaceutica-siria-cubre-90-de-las-necesidades-del-mercado-sirio"],"_links":{"self":[{"href":"https:\/\/archive.sana.sy\/es\/index.php?rest_route=\/wp\/v2\/posts\/90565"}],"collection":[{"href":"https:\/\/archive.sana.sy\/es\/index.php?rest_route=\/wp\/v2\/posts"}],"about":[{"href":"https:\/\/archive.sana.sy\/es\/index.php?rest_route=\/wp\/v2\/types\/post"}],"author":[{"embeddable":true,"href":"https:\/\/archive.sana.sy\/es\/index.php?rest_route=\/wp\/v2\/users\/1"}],"replies":[{"embeddable":true,"href":"https:\/\/archive.sana.sy\/es\/index.php?rest_route=%2Fwp%2Fv2%2Fcomments&post=90565"}],"version-history":[{"count":0,"href":"https:\/\/archive.sana.sy\/es\/index.php?rest_route=\/wp\/v2\/posts\/90565\/revisions"}],"wp:featuredmedia":[{"embeddable":true,"href":"https:\/\/archive.sana.sy\/es\/index.php?rest_route=\/wp\/v2\/media\/90566"}],"wp:attachment":[{"href":"https:\/\/archive.sana.sy\/es\/index.php?rest_route=%2Fwp%2Fv2%2Fmedia&parent=90565"}],"wp:term":[{"taxonomy":"category","embeddable":true,"href":"https:\/\/archive.sana.sy\/es\/index.php?rest_route=%2Fwp%2Fv2%2Fcategories&post=90565"},{"taxonomy":"post_tag","embeddable":true,"href":"https:\/\/archive.sana.sy\/es\/index.php?rest_route=%2Fwp%2Fv2%2Ftags&post=90565"}],"curies":[{"name":"wp","href":"https:\/\/api.w.org\/{rel}","templated":true}]}}