{"id":90570,"date":"2018-10-07T10:48:13","date_gmt":"2018-10-07T07:48:13","guid":{"rendered":"https:\/\/www.sana.sy\/es\/?p=90570"},"modified":"2023-01-10T15:16:19","modified_gmt":"2023-01-10T13:16:19","slug":"empresarios-sirios-e-iranies-estudian-crear-asociaciones-comerciales","status":"publish","type":"post","link":"https:\/\/archive.sana.sy\/es\/?p=90570","title":{"rendered":"Empresarios sirios e iran\u00edes estudian crear asociaciones comerciales"},"content":{"rendered":"<p style=\"text-align: justify;\"><span style=\"color: #800000;\">Damasco, SANA<\/span><\/p>\n<p style=\"text-align: justify;\">La C\u00e1mara de Industria de Damasco y el Establecimiento General de Zonas Francas en Siria organizaron un encuentro que reuni\u00f3 a empresarios sirios e iran\u00edes.<\/p>\n<p style=\"text-align: justify;\">El encuentro tuvo lugar en la capital Damasco, al margen de la Feria &#8220;Rebuild Syria 2018&#8221;.<\/p>\n<p style=\"text-align: justify;\">El presidente de la C\u00e1mara de Industria de Damasco, Samer Al-Debs, destac\u00f3 que este encuentro pretende lograr la m\u00e1xima cooperaci\u00f3n econ\u00f3mica e inversionista entre los empresarios de Siria e Ir\u00e1n.<\/p>\n<p style=\"text-align: justify;\">&#8220;Buscamos crear asociaciones productivas y comerciales en todos los sectores y alentar a las empresas iran\u00edes a contribuir al proceso de construcci\u00f3n y reconstrucci\u00f3n&#8221;, explic\u00f3.<\/p>\n<p style=\"text-align: justify;\">Al-Debs revel\u00f3 que en los pr\u00f3ximos d\u00edas se realizar\u00e1 una conferencia de hombres de negocios y empresarios sirios e iran\u00edes en Teher\u00e1n, para que los empresarios iran\u00edes se informen y se identifiquen con los proyectos de inversi\u00f3n en los dos pa\u00edses, adem\u00e1s de intercambien experiencias y tratar a los problemas existentes.<\/p>\n<p style=\"text-align: justify;\">Por su parte, el embajador de Ir\u00e1n en Damasco, Jawad Turk Abadi, subray\u00f3 la necesidad de consolidar la cooperaci\u00f3n con Siria, especialmente en la fase de reconstrucci\u00f3n que acaba de empezar.<\/p>\n<p style=\"text-align: justify;\"><span style=\"color: #0000ff;\">F. Marouf\/ Dr. A. Shaban<\/span><\/p>\n","protected":false},"excerpt":{"rendered":"<p>Damasco, SANA La C\u00e1mara de Industria de Damasco y el Establecimiento General de Zonas Francas en Siria organizaron un encuentro que reuni\u00f3 a empresarios sirios e iran\u00edes. El encuentro tuvo lugar en la capital Damasco, al margen de la Feria &#8220;Rebuild Syria 2018&#8221;. El presidente de la C\u00e1mara de Industria de Damasco, Samer Al-Debs, destac\u00f3 &hellip;<\/p>\n","protected":false},"author":1,"featured_media":90571,"comment_status":"closed","ping_status":"closed","sticky":false,"template":"","format":"standard","meta":{"footnotes":""},"categories":[597,485,7541],"tags":[12866],"class_list":["post-90570","post","type-post","status-publish","format-standard","has-post-thumbnail","","category-cinta-de-noticias","category-informes-negocios-y-finanzas","category-ultimas-noticias","tag-empresarios-sirios-e-iranies-estudian-crear-asociaciones-comerciales"],"_links":{"self":[{"href":"https:\/\/archive.sana.sy\/es\/index.php?rest_route=\/wp\/v2\/posts\/90570"}],"collection":[{"href":"https:\/\/archive.sana.sy\/es\/index.php?rest_route=\/wp\/v2\/posts"}],"about":[{"href":"https:\/\/archive.sana.sy\/es\/index.php?rest_route=\/wp\/v2\/types\/post"}],"author":[{"embeddable":true,"href":"https:\/\/archive.sana.sy\/es\/index.php?rest_route=\/wp\/v2\/users\/1"}],"replies":[{"embeddable":true,"href":"https:\/\/archive.sana.sy\/es\/index.php?rest_route=%2Fwp%2Fv2%2Fcomments&post=90570"}],"version-history":[{"count":0,"href":"https:\/\/archive.sana.sy\/es\/index.php?rest_route=\/wp\/v2\/posts\/90570\/revisions"}],"wp:featuredmedia":[{"embeddable":true,"href":"https:\/\/archive.sana.sy\/es\/index.php?rest_route=\/wp\/v2\/media\/90571"}],"wp:attachment":[{"href":"https:\/\/archive.sana.sy\/es\/index.php?rest_route=%2Fwp%2Fv2%2Fmedia&parent=90570"}],"wp:term":[{"taxonomy":"category","embeddable":true,"href":"https:\/\/archive.sana.sy\/es\/index.php?rest_route=%2Fwp%2Fv2%2Fcategories&post=90570"},{"taxonomy":"post_tag","embeddable":true,"href":"https:\/\/archive.sana.sy\/es\/index.php?rest_route=%2Fwp%2Fv2%2Ftags&post=90570"}],"curies":[{"name":"wp","href":"https:\/\/api.w.org\/{rel}","templated":true}]}}