{"id":90573,"date":"2018-10-07T10:00:50","date_gmt":"2018-10-07T07:00:50","guid":{"rendered":"https:\/\/www.sana.sy\/es\/?p=90573"},"modified":"2018-10-07T10:52:47","modified_gmt":"2018-10-07T07:52:47","slug":"mufti-siria-esta-pagando-el-precio-de-no-arrodillarse-ante-ee-uu-y-el-sionismo","status":"publish","type":"post","link":"https:\/\/archive.sana.sy\/es\/?p=90573","title":{"rendered":"Muft\u00ed: Siria est\u00e1 pagando el precio de no arrodillarse ante EE.UU y el Sionismo"},"content":{"rendered":"<p style=\"text-align: justify;\"><span style=\"color: #800000;\">Damasco, SANA<\/span><\/p>\n<p style=\"text-align: justify;\">La Asociaci\u00f3n Siria de Apoyo a Familias de M\u00e1rtires organiz\u00f3 una ceremonia de condecoraci\u00f3n a 500 familias de m\u00e1rtires del Ej\u00e9rcito \u00c1rabe Sirio, en la Casa Al-Assad para la Cultura y las Artes (la \u00d3pera), en la capital Damasco.<\/p>\n<p style=\"text-align: justify;\">El Muft\u00ed de la Rep\u00fablica, Ahmed Bader al-Din Hassoun, dijo en unas palabras, que los m\u00e1rtires de Siria en Octubre del 1973, empezaron el camino de la victoria que completaron los m\u00e1rtires ca\u00eddos en la lucha del ej\u00e9rcito sirio contra el terrorismo.<\/p>\n<p style=\"text-align: justify;\">&#8220;La victoria de Siria hoy es una victoria para toda la naci\u00f3n \u00e1rabe&#8221;, dijo el Muft\u00ed y opin\u00f3 que Siria est\u00e1 pagando el precio de no arrodillarse o inclinarse ante EE.UU y el Sionismo.<\/p>\n<p style=\"text-align: justify;\">A su vez, Mazen Humaidi, Presidente de la Asociaci\u00f3n, se\u00f1al\u00f3 que la ceremonia se organiz\u00f3 para expresar el orgullo por los m\u00e1rtires de Siria y para afirmar que &#8220;jam\u00e1s olvidaremos a los m\u00e1rtires que dieron sus vidas en defensa de cada grano de la tierra en Siria&#8221;.<\/p>\n<p style=\"text-align: justify;\">La Asociaci\u00f3n Siria de Apoyo a Familias de M\u00e1rtires se cre\u00f3 en julio del 2012 y contribuye a proporcionar asistencia cultural, social, educativa, m\u00e9dica y psicol\u00f3gica para las familias de los m\u00e1rtires.<\/p>\n<p style=\"text-align: justify;\"><span style=\"color: #0000ff;\">F. Marouf\/ Ammar H.<\/span><\/p>\n","protected":false},"excerpt":{"rendered":"<p>Damasco, SANA La Asociaci\u00f3n Siria de Apoyo a Familias de M\u00e1rtires organiz\u00f3 una ceremonia de condecoraci\u00f3n a 500 familias de m\u00e1rtires del Ej\u00e9rcito \u00c1rabe Sirio, en la Casa Al-Assad para la Cultura y las Artes (la \u00d3pera), en la capital Damasco. El Muft\u00ed de la Rep\u00fablica, Ahmed Bader al-Din Hassoun, dijo en unas palabras, que &hellip;<\/p>\n","protected":false},"author":1,"featured_media":90574,"comment_status":"closed","ping_status":"closed","sticky":false,"template":"","format":"standard","meta":{"footnotes":""},"categories":[597,476,7541],"tags":[],"class_list":["post-90573","post","type-post","status-publish","format-standard","has-post-thumbnail","","category-cinta-de-noticias","category-locales","category-ultimas-noticias"],"_links":{"self":[{"href":"https:\/\/archive.sana.sy\/es\/index.php?rest_route=\/wp\/v2\/posts\/90573"}],"collection":[{"href":"https:\/\/archive.sana.sy\/es\/index.php?rest_route=\/wp\/v2\/posts"}],"about":[{"href":"https:\/\/archive.sana.sy\/es\/index.php?rest_route=\/wp\/v2\/types\/post"}],"author":[{"embeddable":true,"href":"https:\/\/archive.sana.sy\/es\/index.php?rest_route=\/wp\/v2\/users\/1"}],"replies":[{"embeddable":true,"href":"https:\/\/archive.sana.sy\/es\/index.php?rest_route=%2Fwp%2Fv2%2Fcomments&post=90573"}],"version-history":[{"count":0,"href":"https:\/\/archive.sana.sy\/es\/index.php?rest_route=\/wp\/v2\/posts\/90573\/revisions"}],"wp:featuredmedia":[{"embeddable":true,"href":"https:\/\/archive.sana.sy\/es\/index.php?rest_route=\/wp\/v2\/media\/90574"}],"wp:attachment":[{"href":"https:\/\/archive.sana.sy\/es\/index.php?rest_route=%2Fwp%2Fv2%2Fmedia&parent=90573"}],"wp:term":[{"taxonomy":"category","embeddable":true,"href":"https:\/\/archive.sana.sy\/es\/index.php?rest_route=%2Fwp%2Fv2%2Fcategories&post=90573"},{"taxonomy":"post_tag","embeddable":true,"href":"https:\/\/archive.sana.sy\/es\/index.php?rest_route=%2Fwp%2Fv2%2Ftags&post=90573"}],"curies":[{"name":"wp","href":"https:\/\/api.w.org\/{rel}","templated":true}]}}