{"id":90577,"date":"2018-10-07T12:00:20","date_gmt":"2018-10-07T09:00:20","guid":{"rendered":"https:\/\/www.sana.sy\/es\/?p=90577"},"modified":"2018-10-07T15:49:00","modified_gmt":"2018-10-07T12:49:00","slug":"ejercito-abate-a-terroristas-suicidas-que-atacaron-sus-puntos-en-el-desierto-de-sweida","status":"publish","type":"post","link":"https:\/\/archive.sana.sy\/es\/?p=90577","title":{"rendered":"Ej\u00e9rcito abate a terroristas suicidas que atacaron sus puntos en el desierto de Sweida"},"content":{"rendered":"<p style=\"text-align: justify;\"><span style=\"color: #800000;\">Sweida, SANA<\/span><\/p>\n<p style=\"text-align: justify;\">Unidades conjuntas del Ej\u00e9rcito sirio y fuerzas populares estrecharon a\u00fan m\u00e1s su cerco a las zonas que a\u00fan est\u00e1n bajo dominio de los terroristas del Daesh en los montes Al-Safa, de naturaleza rocosa y bas\u00e1ltica, en el desierto este de la provincia de Sweida.<\/p>\n<p style=\"text-align: justify;\">Seg\u00fan inform\u00f3 una fuente militar, los uniformados sirios contin\u00faan sus operaciones de peinado en las zonas liberadas y limpiaron las grietas y las cuevas de las armas y minas dejadas atr\u00e1s por los terroristas antes de huirse.<\/p>\n<p style=\"text-align: justify;\">La fuente agreg\u00f3 que un grupo de terroristas suicidas atac\u00f3 a uno de los puntos del ej\u00e9rcito en el noroeste de los montes Safa, pero los uniformados sirios repelieron el ataque y eliminaron a decenas de terroristas algunos de ellos son francotiradores, mientras los zapadores del ej\u00e9rcito desactivaron los cinturones de explosivos que llevaban los terroristas atacantes en sus cuerpos.<\/p>\n<p style=\"text-align: justify;\"><span style=\"color: #0000ff;\">F. Marouf\/ Dr. A. Shaban<\/span><\/p>\n","protected":false},"excerpt":{"rendered":"<p>Sweida, SANA Unidades conjuntas del Ej\u00e9rcito sirio y fuerzas populares estrecharon a\u00fan m\u00e1s su cerco a las zonas que a\u00fan est\u00e1n bajo dominio de los terroristas del Daesh en los montes Al-Safa, de naturaleza rocosa y bas\u00e1ltica, en el desierto este de la provincia de Sweida. Seg\u00fan inform\u00f3 una fuente militar, los uniformados sirios contin\u00faan &hellip;<\/p>\n","protected":false},"author":1,"featured_media":90590,"comment_status":"closed","ping_status":"closed","sticky":false,"template":"","format":"standard","meta":{"footnotes":""},"categories":[597,573,7541],"tags":[12867],"class_list":["post-90577","post","type-post","status-publish","format-standard","has-post-thumbnail","","category-cinta-de-noticias","category-la-realidad-de-los-acontecimientos-en-siria","category-ultimas-noticias","tag-ejercito-abate-a-terroristas-suicidas-que-atacaron-sus-puntos-en-el-desierto-de-sweida"],"_links":{"self":[{"href":"https:\/\/archive.sana.sy\/es\/index.php?rest_route=\/wp\/v2\/posts\/90577"}],"collection":[{"href":"https:\/\/archive.sana.sy\/es\/index.php?rest_route=\/wp\/v2\/posts"}],"about":[{"href":"https:\/\/archive.sana.sy\/es\/index.php?rest_route=\/wp\/v2\/types\/post"}],"author":[{"embeddable":true,"href":"https:\/\/archive.sana.sy\/es\/index.php?rest_route=\/wp\/v2\/users\/1"}],"replies":[{"embeddable":true,"href":"https:\/\/archive.sana.sy\/es\/index.php?rest_route=%2Fwp%2Fv2%2Fcomments&post=90577"}],"version-history":[{"count":0,"href":"https:\/\/archive.sana.sy\/es\/index.php?rest_route=\/wp\/v2\/posts\/90577\/revisions"}],"wp:featuredmedia":[{"embeddable":true,"href":"https:\/\/archive.sana.sy\/es\/index.php?rest_route=\/wp\/v2\/media\/90590"}],"wp:attachment":[{"href":"https:\/\/archive.sana.sy\/es\/index.php?rest_route=%2Fwp%2Fv2%2Fmedia&parent=90577"}],"wp:term":[{"taxonomy":"category","embeddable":true,"href":"https:\/\/archive.sana.sy\/es\/index.php?rest_route=%2Fwp%2Fv2%2Fcategories&post=90577"},{"taxonomy":"post_tag","embeddable":true,"href":"https:\/\/archive.sana.sy\/es\/index.php?rest_route=%2Fwp%2Fv2%2Ftags&post=90577"}],"curies":[{"name":"wp","href":"https:\/\/api.w.org\/{rel}","templated":true}]}}