{"id":90580,"date":"2018-10-07T12:39:34","date_gmt":"2018-10-07T09:39:34","guid":{"rendered":"https:\/\/www.sana.sy\/es\/?p=90580"},"modified":"2018-10-07T13:58:11","modified_gmt":"2018-10-07T10:58:11","slug":"lanzan-campana-nacional-de-vacunacion-contra-la-poliomielitis","status":"publish","type":"post","link":"https:\/\/archive.sana.sy\/es\/?p=90580","title":{"rendered":"Lanzan campa\u00f1a nacional de vacunaci\u00f3n contra la poliomielitis"},"content":{"rendered":"<p style=\"text-align: justify;\"><span style=\"color: #800000;\">Damasco, SANA<\/span><\/p>\n<p style=\"text-align: justify;\">El Ministerio de Salud lanz\u00f3 una nueva campa\u00f1a nacional de vacunaci\u00f3n contra la poliomielitis, la cual abarca a todos los ni\u00f1os menores de cinco a\u00f1os.<\/p>\n<p style=\"text-align: justify;\">La campa\u00f1a que durar\u00e1 hasta el jueves 11 de este mes, abarcar\u00e1 a dos millones 970 mil ni\u00f1os y se llevar\u00e1 a cabo en cientos de centros de salud, equipos m\u00f3viles, guarder\u00edas y centros de alojamiento temporal.<\/p>\n<p style=\"text-align: justify;\">De acuerdo con el anuncio del ministerio de Salud, la campa\u00f1a se implementa a trav\u00e9s de los centros de salud existentes y 1500 equipos ambulantes, y ser\u00e1 protagonizar\u00e1n por aproximadamente 9.500 trabajadores de salud.<\/p>\n<p style=\"text-align: justify;\">En Damasco, Emad Jameel, Jefe de Programas de Salud P\u00fablica de la Direcci\u00f3n de Salud, explic\u00f3 que la campa\u00f1a est\u00e1 dirigida a 298.000 ni\u00f1os que ser\u00e1n vacunados a trav\u00e9s de 39 centros de salud y 183 equipos ambulantes, mientras en Damasco-campo, la campa\u00f1a abarcar\u00e1 a 351,000 ni\u00f1os.<\/p>\n<p style=\"text-align: justify;\">Esta campa\u00f1a nacional es la segunda de su tipo en el a\u00f1o en curso y es parte de una serie de campa\u00f1as de vacunaci\u00f3n lanzadas por el Ministerio de Salud desde el a\u00f1o 2013 cuando se detectaron varios casos de poliomielitis de origen pakistan\u00ed tra\u00eddos por los terroristas extranjeros en Deir Ezzor, y fue la primera vez en que se detecta esta enfermedad desde que Siria fuera a declarada libre en 1995.<\/p>\n<p style=\"text-align: justify;\"><span style=\"color: #0000ff;\">F. Marouf\/ Dr. A. Shaban<\/span><\/p>\n<p style=\"text-align: justify;\"><img decoding=\"async\" src=\"https:\/\/www.sana.sy\/wp-content\/uploads\/2018\/10\/6-39.jpg\" \/><\/p>\n<p style=\"text-align: justify;\"><img decoding=\"async\" src=\"https:\/\/www.sana.sy\/wp-content\/uploads\/2018\/10\/7-31.jpg\" \/><\/p>\n<p style=\"text-align: justify;\"><img decoding=\"async\" src=\"https:\/\/www.sana.sy\/wp-content\/uploads\/2018\/10\/10-27.jpg\" \/><\/p>\n<p style=\"text-align: justify;\"><img decoding=\"async\" src=\"https:\/\/www.sana.sy\/wp-content\/uploads\/2018\/10\/9-24.jpg\" \/><\/p>\n<p style=\"text-align: justify;\"><img decoding=\"async\" src=\"https:\/\/www.sana.sy\/wp-content\/uploads\/2018\/10\/3-56.jpg\" \/><\/p>\n<p style=\"text-align: justify;\"><img decoding=\"async\" src=\"https:\/\/www.sana.sy\/wp-content\/uploads\/2018\/10\/5-40.jpg\" \/><\/p>\n<p style=\"text-align: justify;\"><img decoding=\"async\" src=\"https:\/\/www.sana.sy\/wp-content\/uploads\/2018\/10\/10-29.jpg\" \/><\/p>\n<p style=\"text-align: justify;\"><img decoding=\"async\" src=\"https:\/\/www.sana.sy\/wp-content\/uploads\/2018\/10\/20-8.jpg\" \/><\/p>\n<p style=\"text-align: justify;\"><img decoding=\"async\" src=\"https:\/\/www.sana.sy\/wp-content\/uploads\/2018\/10\/30-7.jpg\" \/><\/p>\n<p style=\"text-align: justify;\"><img decoding=\"async\" src=\"https:\/\/www.sana.sy\/wp-content\/uploads\/2018\/10\/100-3.jpg\" \/><\/p>\n<p style=\"text-align: justify;\"><img decoding=\"async\" src=\"https:\/\/www.sana.sy\/wp-content\/uploads\/2018\/10\/2000-2.jpg\" \/><\/p>\n<p style=\"text-align: justify;\">\n","protected":false},"excerpt":{"rendered":"<p>Damasco, SANA El Ministerio de Salud lanz\u00f3 una nueva campa\u00f1a nacional de vacunaci\u00f3n contra la poliomielitis, la cual abarca a todos los ni\u00f1os menores de cinco a\u00f1os. La campa\u00f1a que durar\u00e1 hasta el jueves 11 de este mes, abarcar\u00e1 a dos millones 970 mil ni\u00f1os y se llevar\u00e1 a cabo en cientos de centros de &hellip;<\/p>\n","protected":false},"author":1,"featured_media":90581,"comment_status":"closed","ping_status":"closed","sticky":false,"template":"","format":"standard","meta":{"footnotes":""},"categories":[597,476,571,583],"tags":[12868],"class_list":["post-90580","post","type-post","status-publish","format-standard","has-post-thumbnail","","category-cinta-de-noticias","category-locales","category-siria-en-fotos","category-slide","tag-lanzan-campana-nacional-de-vacunacion-contra-la-poliomielitis"],"_links":{"self":[{"href":"https:\/\/archive.sana.sy\/es\/index.php?rest_route=\/wp\/v2\/posts\/90580"}],"collection":[{"href":"https:\/\/archive.sana.sy\/es\/index.php?rest_route=\/wp\/v2\/posts"}],"about":[{"href":"https:\/\/archive.sana.sy\/es\/index.php?rest_route=\/wp\/v2\/types\/post"}],"author":[{"embeddable":true,"href":"https:\/\/archive.sana.sy\/es\/index.php?rest_route=\/wp\/v2\/users\/1"}],"replies":[{"embeddable":true,"href":"https:\/\/archive.sana.sy\/es\/index.php?rest_route=%2Fwp%2Fv2%2Fcomments&post=90580"}],"version-history":[{"count":0,"href":"https:\/\/archive.sana.sy\/es\/index.php?rest_route=\/wp\/v2\/posts\/90580\/revisions"}],"wp:featuredmedia":[{"embeddable":true,"href":"https:\/\/archive.sana.sy\/es\/index.php?rest_route=\/wp\/v2\/media\/90581"}],"wp:attachment":[{"href":"https:\/\/archive.sana.sy\/es\/index.php?rest_route=%2Fwp%2Fv2%2Fmedia&parent=90580"}],"wp:term":[{"taxonomy":"category","embeddable":true,"href":"https:\/\/archive.sana.sy\/es\/index.php?rest_route=%2Fwp%2Fv2%2Fcategories&post=90580"},{"taxonomy":"post_tag","embeddable":true,"href":"https:\/\/archive.sana.sy\/es\/index.php?rest_route=%2Fwp%2Fv2%2Ftags&post=90580"}],"curies":[{"name":"wp","href":"https:\/\/api.w.org\/{rel}","templated":true}]}}