{"id":90584,"date":"2018-10-07T14:00:51","date_gmt":"2018-10-07T11:00:51","guid":{"rendered":"https:\/\/www.sana.sy\/es\/?p=90584"},"modified":"2018-10-07T14:12:32","modified_gmt":"2018-10-07T11:12:32","slug":"helicopteros-de-la-coalicion-internacional-evacuan-a-terroristas-del-daesh-de-deir-ezzor","status":"publish","type":"post","link":"https:\/\/archive.sana.sy\/es\/?p=90584","title":{"rendered":"Helic\u00f3pteros de la &#8220;Coalici\u00f3n Internacional&#8221; evac\u00faan a terroristas del &#8220;Daesh&#8221; de Deir Ezzor"},"content":{"rendered":"<p style=\"text-align: justify;\"><span style=\"color: #800000;\">Deir Ezzor, SANA<\/span><\/p>\n<p style=\"text-align: justify;\">Helic\u00f3pteros de la Coalici\u00f3n Internacional dirigida por Estados Unidos, evacuaron a terroristas del Daesh, desde el campo sur de la provincia oriental siria de Deir Ezzor.<\/p>\n<p style=\"text-align: justify;\">Seg\u00fan informaron los civiles, aeronaves de la &#8220;Alianza Internacional&#8221; aterrizaron en el sur de Deir Ezzor y evacuaron a cabecillas del Daesh, de diferentes nacionalidades extranjeras.<\/p>\n<p style=\"text-align: justify;\">Hace unos d\u00edas, la Coalici\u00f3n Internacional efectu\u00f3 una operaci\u00f3n a\u00e9rea semejante en la que traslad\u00f3 a integrantes radicales del Daesh en el poblado de Marashdeh, en el campo sudoriental de Deir Ezzor.<\/p>\n<p style=\"text-align: justify;\"><span style=\"color: #0000ff;\">Ammar H.\/ F. Marouf<\/span><\/p>\n","protected":false},"excerpt":{"rendered":"<p>Deir Ezzor, SANA Helic\u00f3pteros de la Coalici\u00f3n Internacional dirigida por Estados Unidos, evacuaron a terroristas del Daesh, desde el campo sur de la provincia oriental siria de Deir Ezzor. Seg\u00fan informaron los civiles, aeronaves de la &#8220;Alianza Internacional&#8221; aterrizaron en el sur de Deir Ezzor y evacuaron a cabecillas del Daesh, de diferentes nacionalidades extranjeras. &hellip;<\/p>\n","protected":false},"author":1,"featured_media":90585,"comment_status":"closed","ping_status":"closed","sticky":false,"template":"","format":"standard","meta":{"footnotes":""},"categories":[597,573,467,7541],"tags":[12869],"class_list":["post-90584","post","type-post","status-publish","format-standard","has-post-thumbnail","","category-cinta-de-noticias","category-la-realidad-de-los-acontecimientos-en-siria","category-siria-y-el-mundo","category-ultimas-noticias","tag-helicopteros-de-la-coalicion-internacional-evacuan-a-terroristas-del-daesh-de-deir-ezzor"],"_links":{"self":[{"href":"https:\/\/archive.sana.sy\/es\/index.php?rest_route=\/wp\/v2\/posts\/90584"}],"collection":[{"href":"https:\/\/archive.sana.sy\/es\/index.php?rest_route=\/wp\/v2\/posts"}],"about":[{"href":"https:\/\/archive.sana.sy\/es\/index.php?rest_route=\/wp\/v2\/types\/post"}],"author":[{"embeddable":true,"href":"https:\/\/archive.sana.sy\/es\/index.php?rest_route=\/wp\/v2\/users\/1"}],"replies":[{"embeddable":true,"href":"https:\/\/archive.sana.sy\/es\/index.php?rest_route=%2Fwp%2Fv2%2Fcomments&post=90584"}],"version-history":[{"count":0,"href":"https:\/\/archive.sana.sy\/es\/index.php?rest_route=\/wp\/v2\/posts\/90584\/revisions"}],"wp:featuredmedia":[{"embeddable":true,"href":"https:\/\/archive.sana.sy\/es\/index.php?rest_route=\/wp\/v2\/media\/90585"}],"wp:attachment":[{"href":"https:\/\/archive.sana.sy\/es\/index.php?rest_route=%2Fwp%2Fv2%2Fmedia&parent=90584"}],"wp:term":[{"taxonomy":"category","embeddable":true,"href":"https:\/\/archive.sana.sy\/es\/index.php?rest_route=%2Fwp%2Fv2%2Fcategories&post=90584"},{"taxonomy":"post_tag","embeddable":true,"href":"https:\/\/archive.sana.sy\/es\/index.php?rest_route=%2Fwp%2Fv2%2Ftags&post=90584"}],"curies":[{"name":"wp","href":"https:\/\/api.w.org\/{rel}","templated":true}]}}