{"id":90592,"date":"2018-10-07T19:06:51","date_gmt":"2018-10-07T16:06:51","guid":{"rendered":"https:\/\/www.sana.sy\/es\/?p=90592"},"modified":"2019-08-24T22:12:28","modified_gmt":"2019-08-24T19:12:28","slug":"90592","status":"publish","type":"post","link":"https:\/\/archive.sana.sy\/es\/?p=90592","title":{"rendered":"Al-Assad encabeza reuni\u00f3n del Comit\u00e9 Central del Partido Baath, y afirma que el acuerdo de Idleb es temporal"},"content":{"rendered":"<p style=\"text-align: justify\"><span style=\"color: #800000\">Damasco, SANA<\/span><\/p>\n<p style=\"text-align: justify\">El presidente Bashar Al-Assad, encabez\u00f3 una reuni\u00f3n del Comit\u00e9 Central del Partido Baath \u00c1rabe Socialista.<\/p>\n<p style=\"text-align: justify\">El Presidente Al-Assad hizo una panor\u00e1mica sobre el \u00faltimo acontecer a nivel pol\u00edtico y militar, y afirm\u00f3 que \u201cno se puede separar lo que sucede en Siria de lo que se divulga recientemente sobre el llamado Tratado del Siglo\u201d.<\/p>\n<p style=\"text-align: justify\">El jefe del Estado sirio explic\u00f3 que \u201cla histeria de los pa\u00edses occidentales antes de la ofensiva contra el terrorismo en Idleb se debe a que la batalla de Idleb es cuesti\u00f3n crucial para ellos, porque la victoria de Siria en esa batalla significa el fracaso de sus planes contra Siria.<\/p>\n<p style=\"text-align: justify\">\u201cLos gobiernos occidentales temen que Siria vuelva m\u00e1s fuerte que antes y as\u00ed volver\u00e1 hacer frente a sus proyectos en la regi\u00f3n\u201d, indic\u00f3.<\/p>\n<p style=\"text-align: justify\">En cuanto al acuerdo alcanzado sobre Idleb, el mandatario sirio precis\u00f3 que la postura del estado sirio es clara y se basa en que esa provincia como las otras zonas dominadas por los terroristas, retornar\u00e1 al seno del estado sirio.<\/p>\n<p style=\"text-align: justify\">\u201cEste acuerdo es temporal y el Estado mediante el mismo,alcanz\u00f3 muchos logros militares, empezando con evitar el derramamiento de sangre\u201d, a\u00f1adi\u00f3.<\/p>\n<p style=\"text-align: justify\">Al-Assad manifest\u00f3 que \u201ccada vez Siria se aproxima a la victoria, los enemigos intensifican sus intentos de socavarla militar, pol\u00edtica, econ\u00f3mica y socialmente, y por lo tanto, tendremos desaf\u00edos internos que son peligrosos como la guerra misma.\u201d<\/p>\n<p style=\"text-align: justify\">\u201cLa pr\u00f3xima guerra ser\u00eda la rehabilitaci\u00f3n y reeducaci\u00f3n de algunas personas que optaron por el caos y el terrorismo, con la finalidad de evitar que sean una brecha por la cual se ataque a Siria en el futuro\u201d, aclar\u00f3.<\/p>\n<p style=\"text-align: justify\">Llam\u00f3 al partido Baath a que aborde seriamente las cuestiones de la posguerra y estudiar profundamente la sociedad y sus transformaciones.<\/p>\n<p style=\"text-align: justify\">Al-Assad asimismo, hizo hincapi\u00e9 en la necesidad de activar la labor y el rol del Comit\u00e9 Central del Partido, y puntualiz\u00f3 que \u201clas propuestas que se presentan en las reuniones deben tener mecanismos de ejecuci\u00f3n claros y a plazo definido\u201d.<\/p>\n<p style=\"text-align: justify\">El presidente al-Assad luego respondi\u00f3 a las preguntas de los participantes sobre asuntos partidistas, desarrollos pol\u00edticos y militares.<\/p>\n<p style=\"text-align: justify\"><span style=\"color: #0000ff\">Y.K.\/ F.M.\/ A. H.<\/span><\/p>\n","protected":false},"excerpt":{"rendered":"<p>Damasco, SANA El presidente Bashar Al-Assad, encabez\u00f3 una reuni\u00f3n del Comit\u00e9 Central del Partido Baath \u00c1rabe Socialista. El Presidente Al-Assad hizo una panor\u00e1mica sobre el \u00faltimo acontecer a nivel pol\u00edtico y militar, y afirm\u00f3 que \u201cno se puede separar lo que sucede en Siria de lo que se divulga recientemente sobre el llamado Tratado del &hellip;<\/p>\n","protected":false},"author":1,"featured_media":90593,"comment_status":"closed","ping_status":"closed","sticky":false,"template":"","format":"standard","meta":{"footnotes":""},"categories":[597,16237,583,626],"tags":[12873],"class_list":["post-90592","post","type-post","status-publish","format-standard","has-post-thumbnail","","category-cinta-de-noticias","category-presidence-de-la-republique-arabe-syria","category-slide","category-sr-presidente","tag-al-assad-encabeza-reunion-del-comite-central-del-partido-baath-y-afirma-que-el-acuerdo-de-idleb-es-temporal"],"_links":{"self":[{"href":"https:\/\/archive.sana.sy\/es\/index.php?rest_route=\/wp\/v2\/posts\/90592"}],"collection":[{"href":"https:\/\/archive.sana.sy\/es\/index.php?rest_route=\/wp\/v2\/posts"}],"about":[{"href":"https:\/\/archive.sana.sy\/es\/index.php?rest_route=\/wp\/v2\/types\/post"}],"author":[{"embeddable":true,"href":"https:\/\/archive.sana.sy\/es\/index.php?rest_route=\/wp\/v2\/users\/1"}],"replies":[{"embeddable":true,"href":"https:\/\/archive.sana.sy\/es\/index.php?rest_route=%2Fwp%2Fv2%2Fcomments&post=90592"}],"version-history":[{"count":0,"href":"https:\/\/archive.sana.sy\/es\/index.php?rest_route=\/wp\/v2\/posts\/90592\/revisions"}],"wp:featuredmedia":[{"embeddable":true,"href":"https:\/\/archive.sana.sy\/es\/index.php?rest_route=\/wp\/v2\/media\/90593"}],"wp:attachment":[{"href":"https:\/\/archive.sana.sy\/es\/index.php?rest_route=%2Fwp%2Fv2%2Fmedia&parent=90592"}],"wp:term":[{"taxonomy":"category","embeddable":true,"href":"https:\/\/archive.sana.sy\/es\/index.php?rest_route=%2Fwp%2Fv2%2Fcategories&post=90592"},{"taxonomy":"post_tag","embeddable":true,"href":"https:\/\/archive.sana.sy\/es\/index.php?rest_route=%2Fwp%2Fv2%2Ftags&post=90592"}],"curies":[{"name":"wp","href":"https:\/\/api.w.org\/{rel}","templated":true}]}}