{"id":90603,"date":"2018-10-07T10:39:10","date_gmt":"2018-10-07T07:39:10","guid":{"rendered":"https:\/\/www.sana.sy\/es\/?p=90603"},"modified":"2023-01-10T15:16:19","modified_gmt":"2023-01-10T13:16:19","slug":"feria-hecho-en-siria-se-inaugurara-el-proximo-jueves","status":"publish","type":"post","link":"https:\/\/archive.sana.sy\/es\/?p=90603","title":{"rendered":"Feria &#8220;Hecho en Siria\u201d se inaugurar\u00e1 el pr\u00f3ximo jueves"},"content":{"rendered":"<p style=\"text-align: justify\"><span style=\"color: #800000\">Damasco, SANA<\/span><\/p>\n<p style=\"text-align: justify\">Se inaugurar\u00e1 el pr\u00f3ximo jueves en el Recinto Ferial de Expo-Damasco, la feria \u201cHecho en Siria\u201d que ser\u00e1 dedicada en esta edici\u00f3n a las industrias textiles.<\/p>\n<p style=\"text-align: justify\">El evento es organizado por la Federaci\u00f3n de Exportadores y las C\u00e1maras de Comercio y de Industria de Damasco.<\/p>\n<p style=\"text-align: justify\">El presidente de la Federaci\u00f3n de Exportadores, Mohamad Sawah, declar\u00f3 que participar\u00e1n en la Feria alrededor de 150 empresas especializadasen la industria textil de las diferentes provincias.<\/p>\n<p style=\"text-align: justify\">Esper\u00f3 que la feria constituya una oportunidad para alcanzar acuerdos y contratos comerciales en el \u00e1mbito delaexportaci\u00f3n de vestimentas y la apertura nuevos mercados.<\/p>\n<p style=\"text-align: justify\">Sawah resalt\u00f3 el deseo de los industriales sirios de llegar a nuevos mercados en el extranjero, e indic\u00f3 que la producci\u00f3n y la exportaci\u00f3n son uno de los pilares de la reconstrucci\u00f3n.<\/p>\n<p style=\"text-align: justify\">Por \u00faltimo, afirm\u00f3 que el sector de la exportaci\u00f3n ha comenzado a recuperarse gradualmente y numerosas instalaciones y f\u00e1bricas han vuelto a producir y exportar, y revel\u00f3 que durante el a\u00f1o 2018, los productos sirios llegaron a m\u00e1s de 103 pa\u00edses.<\/p>\n<p style=\"text-align: justify\"><span style=\"color: #0000ff\">F. Marouf\/ Ammar H.<\/span><\/p>\n","protected":false},"excerpt":{"rendered":"<p>Damasco, SANA Se inaugurar\u00e1 el pr\u00f3ximo jueves en el Recinto Ferial de Expo-Damasco, la feria \u201cHecho en Siria\u201d que ser\u00e1 dedicada en esta edici\u00f3n a las industrias textiles. El evento es organizado por la Federaci\u00f3n de Exportadores y las C\u00e1maras de Comercio y de Industria de Damasco. El presidente de la Federaci\u00f3n de Exportadores, Mohamad &hellip;<\/p>\n","protected":false},"author":30,"featured_media":90604,"comment_status":"closed","ping_status":"closed","sticky":false,"template":"","format":"standard","meta":{"footnotes":""},"categories":[485],"tags":[12872],"class_list":["post-90603","post","type-post","status-publish","format-standard","has-post-thumbnail","","category-informes-negocios-y-finanzas","tag-feria-hecho-en-siria-se-inaugurara-el-proximo-jueves"],"_links":{"self":[{"href":"https:\/\/archive.sana.sy\/es\/index.php?rest_route=\/wp\/v2\/posts\/90603"}],"collection":[{"href":"https:\/\/archive.sana.sy\/es\/index.php?rest_route=\/wp\/v2\/posts"}],"about":[{"href":"https:\/\/archive.sana.sy\/es\/index.php?rest_route=\/wp\/v2\/types\/post"}],"author":[{"embeddable":true,"href":"https:\/\/archive.sana.sy\/es\/index.php?rest_route=\/wp\/v2\/users\/30"}],"replies":[{"embeddable":true,"href":"https:\/\/archive.sana.sy\/es\/index.php?rest_route=%2Fwp%2Fv2%2Fcomments&post=90603"}],"version-history":[{"count":0,"href":"https:\/\/archive.sana.sy\/es\/index.php?rest_route=\/wp\/v2\/posts\/90603\/revisions"}],"wp:featuredmedia":[{"embeddable":true,"href":"https:\/\/archive.sana.sy\/es\/index.php?rest_route=\/wp\/v2\/media\/90604"}],"wp:attachment":[{"href":"https:\/\/archive.sana.sy\/es\/index.php?rest_route=%2Fwp%2Fv2%2Fmedia&parent=90603"}],"wp:term":[{"taxonomy":"category","embeddable":true,"href":"https:\/\/archive.sana.sy\/es\/index.php?rest_route=%2Fwp%2Fv2%2Fcategories&post=90603"},{"taxonomy":"post_tag","embeddable":true,"href":"https:\/\/archive.sana.sy\/es\/index.php?rest_route=%2Fwp%2Fv2%2Ftags&post=90603"}],"curies":[{"name":"wp","href":"https:\/\/api.w.org\/{rel}","templated":true}]}}