{"id":90702,"date":"2018-10-08T15:06:54","date_gmt":"2018-10-08T12:06:54","guid":{"rendered":"https:\/\/www.sana.sy\/es\/?p=90702"},"modified":"2018-10-08T20:07:35","modified_gmt":"2018-10-08T17:07:35","slug":"senador-checo-eeuu-no-logro-sus-planes-en-siria","status":"publish","type":"post","link":"https:\/\/archive.sana.sy\/es\/?p=90702","title":{"rendered":"Senador checo: EEUU no logr\u00f3 sus planes en Siria"},"content":{"rendered":"<p>Praga-SANA<\/p>\n<p>El senador checo Jaroslaw Dubrava afirm\u00f3 que Estados Unidos cre\u00f3 la organizaci\u00f3n terrorista de DAESH a fin de lograr sus planes en Siria, y agreg\u00f3 que \u00a8fracas\u00f3\u00a8 en lograrlos.<\/p>\n<p>&#8220;Estados Unidos no le conviene que haya pa\u00edses pr\u00f3speros, como Siria, que no est\u00e9 bajo su subordinaci\u00f3n\u201d, dijo Dubrava al corresponsal de SANA en Praga, se\u00f1alando que para lograr sus objetivos en Siria, \u201cWashington contribuy\u00f3 a la creaci\u00f3n de la organizaci\u00f3n terrorista del EIIL, adem\u00e1s de suministrarla con armas.<\/p>\n<p>Se\u00f1al\u00f3 asimismo que EEUU intent\u00f3 repetir el escenario iraqu\u00ed y libio en Siria, pero fracas\u00f3 en lograrlo\u201d.<\/p>\n<p>El senador checo denunci\u00f3 el papel negativo de la Uni\u00f3n Europea en Siria y afirm\u00f3 que soluci\u00f3n correcta a la crisis en Siria est\u00e1 en permitir que el pueblo sirio decida el futuro de su pa\u00eds sin injerencias externas.<\/p>\n<p>Y.K.<\/p>\n","protected":false},"excerpt":{"rendered":"<p>Praga-SANA El senador checo Jaroslaw Dubrava afirm\u00f3 que Estados Unidos cre\u00f3 la organizaci\u00f3n terrorista de DAESH a fin de lograr sus planes en Siria, y agreg\u00f3 que \u00a8fracas\u00f3\u00a8 en lograrlos. &#8220;Estados Unidos no le conviene que haya pa\u00edses pr\u00f3speros, como Siria, que no est\u00e9 bajo su subordinaci\u00f3n\u201d, dijo Dubrava al corresponsal de SANA en Praga, &hellip;<\/p>\n","protected":false},"author":1,"featured_media":90703,"comment_status":"closed","ping_status":"closed","sticky":false,"template":"","format":"standard","meta":{"footnotes":""},"categories":[456,7541],"tags":[],"class_list":["post-90702","post","type-post","status-publish","format-standard","has-post-thumbnail","","category-arabe-internacional-politica","category-ultimas-noticias"],"_links":{"self":[{"href":"https:\/\/archive.sana.sy\/es\/index.php?rest_route=\/wp\/v2\/posts\/90702"}],"collection":[{"href":"https:\/\/archive.sana.sy\/es\/index.php?rest_route=\/wp\/v2\/posts"}],"about":[{"href":"https:\/\/archive.sana.sy\/es\/index.php?rest_route=\/wp\/v2\/types\/post"}],"author":[{"embeddable":true,"href":"https:\/\/archive.sana.sy\/es\/index.php?rest_route=\/wp\/v2\/users\/1"}],"replies":[{"embeddable":true,"href":"https:\/\/archive.sana.sy\/es\/index.php?rest_route=%2Fwp%2Fv2%2Fcomments&post=90702"}],"version-history":[{"count":0,"href":"https:\/\/archive.sana.sy\/es\/index.php?rest_route=\/wp\/v2\/posts\/90702\/revisions"}],"wp:featuredmedia":[{"embeddable":true,"href":"https:\/\/archive.sana.sy\/es\/index.php?rest_route=\/wp\/v2\/media\/90703"}],"wp:attachment":[{"href":"https:\/\/archive.sana.sy\/es\/index.php?rest_route=%2Fwp%2Fv2%2Fmedia&parent=90702"}],"wp:term":[{"taxonomy":"category","embeddable":true,"href":"https:\/\/archive.sana.sy\/es\/index.php?rest_route=%2Fwp%2Fv2%2Fcategories&post=90702"},{"taxonomy":"post_tag","embeddable":true,"href":"https:\/\/archive.sana.sy\/es\/index.php?rest_route=%2Fwp%2Fv2%2Ftags&post=90702"}],"curies":[{"name":"wp","href":"https:\/\/api.w.org\/{rel}","templated":true}]}}