{"id":91159,"date":"2018-10-15T15:22:22","date_gmt":"2018-10-15T12:22:22","guid":{"rendered":"https:\/\/www.sana.sy\/es\/?p=91159"},"modified":"2019-08-24T22:11:58","modified_gmt":"2019-08-24T19:11:58","slug":"presidente-al-assad-destaca-importancia-de-consolidar-historicas-relaciones-entre-siria-e-irak","status":"publish","type":"post","link":"https:\/\/archive.sana.sy\/es\/?p=91159","title":{"rendered":"Presidente Al-Assad destaca importancia de consolidar hist\u00f3ricas relaciones entre Siria e Irak"},"content":{"rendered":"<p style=\"text-align: justify;\"><span style=\"color: #800000;\">Damasco, SANA<\/span><\/p>\n<p style=\"text-align: justify;\">El presidente Bashar Al-Assad, recibi\u00f3 hoy a Ibrahim Al-Jaafari, ministro de Exteriores iraqu\u00ed, y la delegaci\u00f3n que lo acompa\u00f1a.<\/p>\n<p style=\"text-align: justify;\">Durante la reuni\u00f3n, ambos lados repasaron los \u00faltimos desarrollos en Siria e Irak, y la situaci\u00f3n a nivel regional e internacional.<\/p>\n<p style=\"text-align: justify;\">El presidente Al-Assad afirm\u00f3 que las victorias logradas contra el terrorismo en Siria e Irak son victorias conjuntas en las que se mezcl\u00f3 la sangre de los militares h\u00e9roes de los dos pa\u00edses.<\/p>\n<p style=\"text-align: justify;\">Al-Assad destac\u00f3 la importancia de promover las hist\u00f3ricas relaciones entre Siria e Irak, particularmente a nivel popular, y consider\u00f3 que a pesar de las dif\u00edciles condiciones de seguridad en los pa\u00edses y de los intentos externos para prevenir el desarrollo de las relaciones bilaterales, siempre ha habido coordinaci\u00f3n en los diferentes niveles y un entendimiento com\u00fan a lo que est\u00e1 sucediendo en la regi\u00f3n y el mundo. .<\/p>\n<p style=\"text-align: justify;\">Por su parte, el canciller iraqu\u00ed indic\u00f3 que las circunstancias regionales e internacionales est\u00e1n evolucionando positivamente en favor de lo que est\u00e1 sucediendo en Siria e Irak, y eso se debe a la legitimidad de la causa defendida por los dos pueblos hermanos.<\/p>\n<p style=\"text-align: justify;\">Llam\u00f3 a trabajar para lograr m\u00e1s victorias y consagrarlas para el desarrollo de los dos pa\u00edses.<\/p>\n<p style=\"text-align: justify;\">El jefe de la diplomacia iraqu\u00ed opin\u00f3 que Siria tiene un legado hist\u00f3rico y cultural, y cuando completa su victoria sobre el terrorismo, tendr\u00e1 un rol en la regi\u00f3n m\u00e1s importante que cualquier otra etapa previa.<\/p>\n<p style=\"text-align: justify;\">En la reuni\u00f3n, se acord\u00f3 intensificar el trabajo para reabrir los cruces fronterizos entre los dos pa\u00edses, lo que contribuir\u00eda a ampliar las perspectivas de cooperaci\u00f3n bilateral.<\/p>\n<p>En el mismo contexto el presidente de la asamblea nacional Hamoudeh Sabbagh\u00a0 y el primer ministro Imad Khamis se reunieron con el canciller de Iraq y con la delegaci\u00f3n que le acompa\u00f1a.<\/p>\n<p style=\"text-align: justify;\"><span style=\"color: #0000ff;\">F. Marouf\/ Ammar H.\/ Y.K.<\/span><\/p>\n","protected":false},"excerpt":{"rendered":"<p>Damasco, SANA El presidente Bashar Al-Assad, recibi\u00f3 hoy a Ibrahim Al-Jaafari, ministro de Exteriores iraqu\u00ed, y la delegaci\u00f3n que lo acompa\u00f1a. Durante la reuni\u00f3n, ambos lados repasaron los \u00faltimos desarrollos en Siria e Irak, y la situaci\u00f3n a nivel regional e internacional. El presidente Al-Assad afirm\u00f3 que las victorias logradas contra el terrorismo en Siria &hellip;<\/p>\n","protected":false},"author":30,"featured_media":91160,"comment_status":"closed","ping_status":"closed","sticky":false,"template":"","format":"standard","meta":{"footnotes":""},"categories":[597,16237,467,583],"tags":[12958],"class_list":["post-91159","post","type-post","status-publish","format-standard","has-post-thumbnail","","category-cinta-de-noticias","category-presidence-de-la-republique-arabe-syria","category-siria-y-el-mundo","category-slide","tag-presidente-al-assad-destaca-importancia-de-consolidar-historicas-relaciones-entre-siria-e-irak"],"_links":{"self":[{"href":"https:\/\/archive.sana.sy\/es\/index.php?rest_route=\/wp\/v2\/posts\/91159"}],"collection":[{"href":"https:\/\/archive.sana.sy\/es\/index.php?rest_route=\/wp\/v2\/posts"}],"about":[{"href":"https:\/\/archive.sana.sy\/es\/index.php?rest_route=\/wp\/v2\/types\/post"}],"author":[{"embeddable":true,"href":"https:\/\/archive.sana.sy\/es\/index.php?rest_route=\/wp\/v2\/users\/30"}],"replies":[{"embeddable":true,"href":"https:\/\/archive.sana.sy\/es\/index.php?rest_route=%2Fwp%2Fv2%2Fcomments&post=91159"}],"version-history":[{"count":0,"href":"https:\/\/archive.sana.sy\/es\/index.php?rest_route=\/wp\/v2\/posts\/91159\/revisions"}],"wp:featuredmedia":[{"embeddable":true,"href":"https:\/\/archive.sana.sy\/es\/index.php?rest_route=\/wp\/v2\/media\/91160"}],"wp:attachment":[{"href":"https:\/\/archive.sana.sy\/es\/index.php?rest_route=%2Fwp%2Fv2%2Fmedia&parent=91159"}],"wp:term":[{"taxonomy":"category","embeddable":true,"href":"https:\/\/archive.sana.sy\/es\/index.php?rest_route=%2Fwp%2Fv2%2Fcategories&post=91159"},{"taxonomy":"post_tag","embeddable":true,"href":"https:\/\/archive.sana.sy\/es\/index.php?rest_route=%2Fwp%2Fv2%2Ftags&post=91159"}],"curies":[{"name":"wp","href":"https:\/\/api.w.org\/{rel}","templated":true}]}}