{"id":91432,"date":"2018-10-19T10:20:06","date_gmt":"2018-10-19T07:20:06","guid":{"rendered":"https:\/\/www.sana.sy\/es\/?p=91432"},"modified":"2018-10-19T18:11:10","modified_gmt":"2018-10-19T15:11:10","slug":"al-jaafari-siria-rechaza-las-medidas-de-la-ocupacion-israeli-en-el-golan-sirio-ocupado","status":"publish","type":"post","link":"https:\/\/archive.sana.sy\/es\/?p=91432","title":{"rendered":"Al-Jaafari: Siria rechaza las medidas de la ocupaci\u00f3n israel\u00ed en el Gol\u00e1n sirio ocupado"},"content":{"rendered":"<p style=\"text-align: justify\"><span style=\"color: #800000\">Nueva York, SANA<\/span><\/p>\n<p style=\"text-align: justify\">El delegado permanente de Siria ante la ONU, Dr. Bashar al-Jaafari reiter\u00f3 el rechazo categ\u00f3rico de Siria a las medidas de la ocupaci\u00f3n israel\u00ed en el Gol\u00e1n sirio ocupado afirmando que los territorios \u00e1rabes ocupados ser\u00e1n liberados por todos los medios garantizados por los medios comprendidos por las disposiciones de la Carta de Naciones Unidas y las resoluciones del Consejo de Seguridad.<\/p>\n<p style=\"text-align: justify\">En una sesi\u00f3n del Consejo de Seguridad Internacional sobre la situaci\u00f3n en Oriente Medio al-Jaafari dijo: han pasado m\u00e1s de siete d\u00e9cadas desde que comenz\u00f3 la ocupaci\u00f3n israel\u00ed de los territorios palestinos y el infortunio de m\u00e1s de cinco millones de refugiados palestinos que fueron expulsados de su patria y usurpadas sus tierras, casas y bienes materiales.<\/p>\n<p style=\"text-align: justify\">As\u00ed como han transcurrido siete d\u00e9cadas de intentos vertiginosos de parte de pa\u00edses por conferir &#8220;legitimidad&#8221; a esa ocupaci\u00f3n comenzada en 5 de junio de 1967 en el Gol\u00e1n sirio, a saber que la ocupaci\u00f3n israel\u00ed de los territorios \u00e1rabes es la raz\u00f3n principal de la inestabilidad en nuestra zona.<\/p>\n<p style=\"text-align: justify\">Al-Jaafari reiter\u00f3 la postura siria de constante apoyo al derecho del pueblo palestino a la autodeterminaci\u00f3n y a la instauraci\u00f3n de su estado independiente en su suelo patrio y con su capital en Jerusal\u00e9n, as\u00ed como se debe garantizar el derecho de los refugiados a volver a su patria acorde a la resoluci\u00f3n internacional N\u00ba 194 del a\u00f1o 1948, asegurando que cualesquiera medidas que mermen esos derechos son medidas nulas que ponen en riesgo la paz en la regi\u00f3n y el mundo, en especial la Ley racista de Nacionalidad decretada por &#8220;Israel&#8221; y la decisi\u00f3n de la administraci\u00f3n estadounidense de trasladar su embajada a Jerusal\u00e9n ocupada y cortar la financiaci\u00f3n a la UNRWA, pues todas esas medidas son nulas y violan las resoluciones del Consejo de Seguridad y de la Asamblea General de la ONU.<\/p>\n<p style=\"text-align: justify\"><span style=\"color: #0000ff\">Dr. A. Shaban\/ Ammar H.<\/span><\/p>\n","protected":false},"excerpt":{"rendered":"<p>Nueva York, SANA El delegado permanente de Siria ante la ONU, Dr. Bashar al-Jaafari reiter\u00f3 el rechazo categ\u00f3rico de Siria a las medidas de la ocupaci\u00f3n israel\u00ed en el Gol\u00e1n sirio ocupado afirmando que los territorios \u00e1rabes ocupados ser\u00e1n liberados por todos los medios garantizados por los medios comprendidos por las disposiciones de la Carta &hellip;<\/p>\n","protected":false},"author":1,"featured_media":91433,"comment_status":"closed","ping_status":"closed","sticky":false,"template":"","format":"standard","meta":{"footnotes":""},"categories":[597,467,7541],"tags":[12994],"class_list":["post-91432","post","type-post","status-publish","format-standard","has-post-thumbnail","","category-cinta-de-noticias","category-siria-y-el-mundo","category-ultimas-noticias","tag-al-jaafari-siria-rechaza-las-medidas-de-la-ocupacion-israeli-en-el-golan-sirio-ocupado"],"_links":{"self":[{"href":"https:\/\/archive.sana.sy\/es\/index.php?rest_route=\/wp\/v2\/posts\/91432"}],"collection":[{"href":"https:\/\/archive.sana.sy\/es\/index.php?rest_route=\/wp\/v2\/posts"}],"about":[{"href":"https:\/\/archive.sana.sy\/es\/index.php?rest_route=\/wp\/v2\/types\/post"}],"author":[{"embeddable":true,"href":"https:\/\/archive.sana.sy\/es\/index.php?rest_route=\/wp\/v2\/users\/1"}],"replies":[{"embeddable":true,"href":"https:\/\/archive.sana.sy\/es\/index.php?rest_route=%2Fwp%2Fv2%2Fcomments&post=91432"}],"version-history":[{"count":0,"href":"https:\/\/archive.sana.sy\/es\/index.php?rest_route=\/wp\/v2\/posts\/91432\/revisions"}],"wp:featuredmedia":[{"embeddable":true,"href":"https:\/\/archive.sana.sy\/es\/index.php?rest_route=\/wp\/v2\/media\/91433"}],"wp:attachment":[{"href":"https:\/\/archive.sana.sy\/es\/index.php?rest_route=%2Fwp%2Fv2%2Fmedia&parent=91432"}],"wp:term":[{"taxonomy":"category","embeddable":true,"href":"https:\/\/archive.sana.sy\/es\/index.php?rest_route=%2Fwp%2Fv2%2Fcategories&post=91432"},{"taxonomy":"post_tag","embeddable":true,"href":"https:\/\/archive.sana.sy\/es\/index.php?rest_route=%2Fwp%2Fv2%2Ftags&post=91432"}],"curies":[{"name":"wp","href":"https:\/\/api.w.org\/{rel}","templated":true}]}}