{"id":91466,"date":"2018-10-19T11:57:25","date_gmt":"2018-10-19T08:57:25","guid":{"rendered":"https:\/\/www.sana.sy\/es\/?p=91466"},"modified":"2018-10-19T11:57:25","modified_gmt":"2018-10-19T08:57:25","slug":"sabagh-a-una-delegacion-jordana-profundos-lazos-unen-a-los-pueblos-sirio-y-jordano","status":"publish","type":"post","link":"https:\/\/archive.sana.sy\/es\/?p=91466","title":{"rendered":"Sabagh a una delegaci\u00f3n jordana: profundos lazos unen a los pueblos sirio y jordano"},"content":{"rendered":"<p style=\"text-align: justify\"><span style=\"color: #800000\">Damasco, SANA<\/span><\/p>\n<p style=\"text-align: justify\">El presidente de la Asamblea del Pueblo, Hamuda al-Sabagh, afirm\u00f3 las profundas relaciones que unen entre los pueblos hermanos en Siria y Jordania que seguramente volver\u00e1n a su cauce natural por el bien com\u00fan.<\/p>\n<p style=\"text-align: justify\">Durante su encuentro con la delegaci\u00f3n del Sindicato de Abogados Jordanos encabezada por Mazen Rusheidat, s\u00edndico de Abogados Jordanos, al-Sabagh se\u00f1al\u00f3 que el complot que apunt\u00f3 a Siria y las medidas coercitivas unilaterales que han afectado todos los planos de la vida cotidiana no cejaron en el \u00e1nimo de los sirios que cosechan hoy los frutos de sus sacrificios en forma de sucesivas victorias.<\/p>\n<p style=\"text-align: justify\">Por su parte Rusheidat se\u00f1al\u00f3 que el Sindicato de Abogados Jordanos procur\u00f3 ser la primera delegaci\u00f3n sindical que cruza el paso de Nassib-Gaber para &#8220;celebrar juntos este acontecimiento que constituye una arteria entre Jordania y Siria&#8221;, y felicit\u00f3 por el triunfo de Siria.<\/p>\n<p style=\"text-align: justify\"><span style=\"color: #0000ff\">Dr. A. Shaban\/ Ammar H.<\/span><\/p>\n","protected":false},"excerpt":{"rendered":"<p>Damasco, SANA El presidente de la Asamblea del Pueblo, Hamuda al-Sabagh, afirm\u00f3 las profundas relaciones que unen entre los pueblos hermanos en Siria y Jordania que seguramente volver\u00e1n a su cauce natural por el bien com\u00fan. Durante su encuentro con la delegaci\u00f3n del Sindicato de Abogados Jordanos encabezada por Mazen Rusheidat, s\u00edndico de Abogados Jordanos, &hellip;<\/p>\n","protected":false},"author":30,"featured_media":91467,"comment_status":"closed","ping_status":"closed","sticky":false,"template":"","format":"standard","meta":{"footnotes":""},"categories":[597,467,7541],"tags":[13000],"class_list":["post-91466","post","type-post","status-publish","format-standard","has-post-thumbnail","","category-cinta-de-noticias","category-siria-y-el-mundo","category-ultimas-noticias","tag-sabagh-a-una-delegacion-jordana-profundos-lazos-unen-a-los-pueblos-sirio-y-jordano"],"_links":{"self":[{"href":"https:\/\/archive.sana.sy\/es\/index.php?rest_route=\/wp\/v2\/posts\/91466"}],"collection":[{"href":"https:\/\/archive.sana.sy\/es\/index.php?rest_route=\/wp\/v2\/posts"}],"about":[{"href":"https:\/\/archive.sana.sy\/es\/index.php?rest_route=\/wp\/v2\/types\/post"}],"author":[{"embeddable":true,"href":"https:\/\/archive.sana.sy\/es\/index.php?rest_route=\/wp\/v2\/users\/30"}],"replies":[{"embeddable":true,"href":"https:\/\/archive.sana.sy\/es\/index.php?rest_route=%2Fwp%2Fv2%2Fcomments&post=91466"}],"version-history":[{"count":0,"href":"https:\/\/archive.sana.sy\/es\/index.php?rest_route=\/wp\/v2\/posts\/91466\/revisions"}],"wp:featuredmedia":[{"embeddable":true,"href":"https:\/\/archive.sana.sy\/es\/index.php?rest_route=\/wp\/v2\/media\/91467"}],"wp:attachment":[{"href":"https:\/\/archive.sana.sy\/es\/index.php?rest_route=%2Fwp%2Fv2%2Fmedia&parent=91466"}],"wp:term":[{"taxonomy":"category","embeddable":true,"href":"https:\/\/archive.sana.sy\/es\/index.php?rest_route=%2Fwp%2Fv2%2Fcategories&post=91466"},{"taxonomy":"post_tag","embeddable":true,"href":"https:\/\/archive.sana.sy\/es\/index.php?rest_route=%2Fwp%2Fv2%2Ftags&post=91466"}],"curies":[{"name":"wp","href":"https:\/\/api.w.org\/{rel}","templated":true}]}}