{"id":91478,"date":"2018-10-19T15:28:18","date_gmt":"2018-10-19T12:28:18","guid":{"rendered":"https:\/\/www.sana.sy\/es\/?p=91478"},"modified":"2018-10-19T15:28:18","modified_gmt":"2018-10-19T12:28:18","slug":"peskov-putin-participara-en-la-proxima-cumbre-del-cuarteto-sobre-siria","status":"publish","type":"post","link":"https:\/\/archive.sana.sy\/es\/?p=91478","title":{"rendered":"Peskov: Putin participar\u00e1 en la pr\u00f3xima cumbre del cuarteto sobre Siria"},"content":{"rendered":"<p style=\"text-align: justify\"><span style=\"color: #800000\">Mosc\u00fa, SANA<\/span><\/p>\n<p style=\"text-align: justify\">El portavoz del Kremlin Dimitri Peskov declar\u00f3 que el presidente ruso Vladimir Putin participar\u00e1 en la pr\u00f3xima cumbre del cuarteto sobre Siria prevista a celebrarse en Estambul el 27 del mes en curso.<\/p>\n<p style=\"text-align: justify\">&#8220;No se deben esperar virajes ni decisiones dr\u00e1sticas&#8221;, dijo Sputnik citando a Beskov. &#8220;Esta reuni\u00f3n no es para incursiones y nos estamos preparando para ello\u201d, agreg\u00f3.<\/p>\n<p style=\"text-align: justify\">&#8220;Los l\u00edderes de Rusia, Francia, Alemania y Turqu\u00eda se reunir\u00e1n en Estambul para discutir la crisis en Siria y se preparar\u00e1n los detalles de sus conversaciones&#8221;, dijo el asistente del presidente ruso, Yuri Ushakov el pasado martes.<\/p>\n<p style=\"text-align: justify\"><span style=\"color: #0000ff\">Ammar H. \/Riad Sh.<\/span><\/p>\n","protected":false},"excerpt":{"rendered":"<p>Mosc\u00fa, SANA El portavoz del Kremlin Dimitri Peskov declar\u00f3 que el presidente ruso Vladimir Putin participar\u00e1 en la pr\u00f3xima cumbre del cuarteto sobre Siria prevista a celebrarse en Estambul el 27 del mes en curso. &#8220;No se deben esperar virajes ni decisiones dr\u00e1sticas&#8221;, dijo Sputnik citando a Beskov. &#8220;Esta reuni\u00f3n no es para incursiones y &hellip;<\/p>\n","protected":false},"author":30,"featured_media":91479,"comment_status":"closed","ping_status":"closed","sticky":false,"template":"","format":"standard","meta":{"footnotes":""},"categories":[597,467,7541],"tags":[13003],"class_list":["post-91478","post","type-post","status-publish","format-standard","has-post-thumbnail","","category-cinta-de-noticias","category-siria-y-el-mundo","category-ultimas-noticias","tag-peskov-putin-participara-en-la-proxima-cumbre-del-cuarteto-sobre-siria"],"_links":{"self":[{"href":"https:\/\/archive.sana.sy\/es\/index.php?rest_route=\/wp\/v2\/posts\/91478"}],"collection":[{"href":"https:\/\/archive.sana.sy\/es\/index.php?rest_route=\/wp\/v2\/posts"}],"about":[{"href":"https:\/\/archive.sana.sy\/es\/index.php?rest_route=\/wp\/v2\/types\/post"}],"author":[{"embeddable":true,"href":"https:\/\/archive.sana.sy\/es\/index.php?rest_route=\/wp\/v2\/users\/30"}],"replies":[{"embeddable":true,"href":"https:\/\/archive.sana.sy\/es\/index.php?rest_route=%2Fwp%2Fv2%2Fcomments&post=91478"}],"version-history":[{"count":0,"href":"https:\/\/archive.sana.sy\/es\/index.php?rest_route=\/wp\/v2\/posts\/91478\/revisions"}],"wp:featuredmedia":[{"embeddable":true,"href":"https:\/\/archive.sana.sy\/es\/index.php?rest_route=\/wp\/v2\/media\/91479"}],"wp:attachment":[{"href":"https:\/\/archive.sana.sy\/es\/index.php?rest_route=%2Fwp%2Fv2%2Fmedia&parent=91478"}],"wp:term":[{"taxonomy":"category","embeddable":true,"href":"https:\/\/archive.sana.sy\/es\/index.php?rest_route=%2Fwp%2Fv2%2Fcategories&post=91478"},{"taxonomy":"post_tag","embeddable":true,"href":"https:\/\/archive.sana.sy\/es\/index.php?rest_route=%2Fwp%2Fv2%2Ftags&post=91478"}],"curies":[{"name":"wp","href":"https:\/\/api.w.org\/{rel}","templated":true}]}}