{"id":91481,"date":"2018-10-19T16:31:44","date_gmt":"2018-10-19T13:31:44","guid":{"rendered":"https:\/\/www.sana.sy\/es\/?p=91481"},"modified":"2018-10-19T16:31:44","modified_gmt":"2018-10-19T13:31:44","slug":"comite-de-amistad-parlamentario-sirio-ruso-siria-y-rusia-luchan-contra-el-terrorismo-internacional-en-la-misma-trinchera","status":"publish","type":"post","link":"https:\/\/archive.sana.sy\/es\/?p=91481","title":{"rendered":"Comit\u00e9 de amistad parlamentario sirio-ruso: Siria y Rusia luchan contra el terrorismo internacional en la misma trinchera"},"content":{"rendered":"<p style=\"text-align: justify\"><span style=\"color: #800000\">Mosc\u00fa, SANA<\/span><\/p>\n<p style=\"text-align: justify\">La delegaci\u00f3n de la Asamblea Popular para la Amistad Parlamentaria Sirio-rusa, que se encuentra realizando una visita de trabajo a Rusia, destac\u00f3 la importancia de las relaciones parlamentarias para fortalecer la amistad entre los pueblos sirio y ruso y ampliar sus horizontes para cubrir diversos campos de cooperaci\u00f3n entre los dos pa\u00edses amigos.<\/p>\n<p style=\"text-align: justify\">El jefe de la delegaci\u00f3n, Hussein Abbas, resalt\u00f3 en una reuni\u00f3n del CPASR en Mosc\u00fa las profundas relaciones entre los pueblos y los l\u00edderes de los dos pa\u00edses, destacando la importancia de fortalecer estas relaciones en todos los campos, especialmente que los dos pa\u00edses est\u00e1n luchando contra el terrorismo mundial en una sola trinchera.<\/p>\n<p style=\"text-align: justify\">&#8220;Cuando luchamos juntos contra el terrorismo en Siria, lo hacemos en lugar del mundo entero&#8221;, dijo Abbas. &#8220;El pueblo sirio no olvidar\u00e1 la sangre de los m\u00e1rtires rusos que sacrificaron sus vidas para restablecer la seguridad y la tranquilidad en Siria.<\/p>\n<p style=\"text-align: justify\">A su vez, el parlamentario Basem Swedan se\u00f1al\u00f3 que gran cantidad de estudiantes sirios estudian en Rusia.<\/p>\n<p style=\"text-align: justify\">La diputada Mary Bitar agradeci\u00f3 a la Duma Estatal por su gran papel desde el comienzo de la guerra contra Siria al exponer la verdad de esta guerra injusta.<\/p>\n<p style=\"text-align: justify\">Por su parte, el Vicepresidente del CAPRS Dimitry Sablin dijo que el comit\u00e9 planea trabajar juntos en el campo de la cooperaci\u00f3n social y econ\u00f3mica a trav\u00e9s de las relaciones que unan cada provincia siria con un territorio federado de Rusia.<\/p>\n<p style=\"text-align: justify\">Por su parte, el embajador de Siria en Rusia, el Dr. Riad Haddad, destac\u00f3 durante la reuni\u00f3n la importancia de fortalecer la cooperaci\u00f3n parlamentaria entre los dos pa\u00edses, destacando el papel del pueblo y el liderazgo de Rusia en el apoyo a Siria para eliminar el terrorismo.<\/p>\n<p style=\"text-align: justify\"><span style=\"color: #0000ff\">Ammar H.\/ Riad Sh.<\/span><\/p>\n<p>&nbsp;<\/p>\n<div id='gallery-1' class='gallery galleryid-91481 gallery-columns-3 gallery-size-full'><figure class='gallery-item'>\n\t\t\t<div class='gallery-icon landscape'>\n\t\t\t\t<a href='https:\/\/archive.sana.sy\/es\/wp-content\/uploads\/2018\/10\/1-18.jpg'><img loading=\"lazy\" decoding=\"async\" width=\"660\" height=\"370\" src=\"https:\/\/archive.sana.sy\/es\/wp-content\/uploads\/2018\/10\/1-18.jpg\" class=\"attachment-full size-full\" alt=\"\" srcset=\"https:\/\/archive.sana.sy\/es\/wp-content\/uploads\/2018\/10\/1-18.jpg 660w, https:\/\/archive.sana.sy\/es\/wp-content\/uploads\/2018\/10\/1-18-150x84.jpg 150w, https:\/\/archive.sana.sy\/es\/wp-content\/uploads\/2018\/10\/1-18-300x168.jpg 300w\" sizes=\"(max-width: 660px) 100vw, 660px\" \/><\/a>\n\t\t\t<\/div><\/figure><figure class='gallery-item'>\n\t\t\t<div class='gallery-icon landscape'>\n\t\t\t\t<a href='https:\/\/archive.sana.sy\/es\/wp-content\/uploads\/2018\/10\/2-19.jpg'><img loading=\"lazy\" decoding=\"async\" width=\"660\" height=\"370\" src=\"https:\/\/archive.sana.sy\/es\/wp-content\/uploads\/2018\/10\/2-19.jpg\" class=\"attachment-full size-full\" alt=\"\" srcset=\"https:\/\/archive.sana.sy\/es\/wp-content\/uploads\/2018\/10\/2-19.jpg 660w, https:\/\/archive.sana.sy\/es\/wp-content\/uploads\/2018\/10\/2-19-150x84.jpg 150w, https:\/\/archive.sana.sy\/es\/wp-content\/uploads\/2018\/10\/2-19-300x168.jpg 300w\" sizes=\"(max-width: 660px) 100vw, 660px\" \/><\/a>\n\t\t\t<\/div><\/figure><figure class='gallery-item'>\n\t\t\t<div class='gallery-icon landscape'>\n\t\t\t\t<a href='https:\/\/archive.sana.sy\/es\/wp-content\/uploads\/2018\/10\/3-17.jpg'><img loading=\"lazy\" decoding=\"async\" width=\"660\" height=\"370\" src=\"https:\/\/archive.sana.sy\/es\/wp-content\/uploads\/2018\/10\/3-17.jpg\" class=\"attachment-full size-full\" alt=\"\" srcset=\"https:\/\/archive.sana.sy\/es\/wp-content\/uploads\/2018\/10\/3-17.jpg 660w, https:\/\/archive.sana.sy\/es\/wp-content\/uploads\/2018\/10\/3-17-150x84.jpg 150w, https:\/\/archive.sana.sy\/es\/wp-content\/uploads\/2018\/10\/3-17-300x168.jpg 300w\" sizes=\"(max-width: 660px) 100vw, 660px\" \/><\/a>\n\t\t\t<\/div><\/figure>\n\t\t<\/div>\n\n<p>&nbsp;<\/p>\n<p>&nbsp;<\/p>\n<p>&nbsp;<\/p>\n","protected":false},"excerpt":{"rendered":"<p>Mosc\u00fa, SANA La delegaci\u00f3n de la Asamblea Popular para la Amistad Parlamentaria Sirio-rusa, que se encuentra realizando una visita de trabajo a Rusia, destac\u00f3 la importancia de las relaciones parlamentarias para fortalecer la amistad entre los pueblos sirio y ruso y ampliar sus horizontes para cubrir diversos campos de cooperaci\u00f3n entre los dos pa\u00edses amigos. &hellip;<\/p>\n","protected":false},"author":30,"featured_media":91482,"comment_status":"closed","ping_status":"closed","sticky":false,"template":"","format":"standard","meta":{"footnotes":""},"categories":[597,467,7541],"tags":[13004],"class_list":["post-91481","post","type-post","status-publish","format-standard","has-post-thumbnail","","category-cinta-de-noticias","category-siria-y-el-mundo","category-ultimas-noticias","tag-comite-de-amistad-parlamentario-sirio-ruso-siria-y-rusia-luchan-contra-el-terrorismo-internacional-en-la-misma-trinchera"],"_links":{"self":[{"href":"https:\/\/archive.sana.sy\/es\/index.php?rest_route=\/wp\/v2\/posts\/91481"}],"collection":[{"href":"https:\/\/archive.sana.sy\/es\/index.php?rest_route=\/wp\/v2\/posts"}],"about":[{"href":"https:\/\/archive.sana.sy\/es\/index.php?rest_route=\/wp\/v2\/types\/post"}],"author":[{"embeddable":true,"href":"https:\/\/archive.sana.sy\/es\/index.php?rest_route=\/wp\/v2\/users\/30"}],"replies":[{"embeddable":true,"href":"https:\/\/archive.sana.sy\/es\/index.php?rest_route=%2Fwp%2Fv2%2Fcomments&post=91481"}],"version-history":[{"count":0,"href":"https:\/\/archive.sana.sy\/es\/index.php?rest_route=\/wp\/v2\/posts\/91481\/revisions"}],"wp:featuredmedia":[{"embeddable":true,"href":"https:\/\/archive.sana.sy\/es\/index.php?rest_route=\/wp\/v2\/media\/91482"}],"wp:attachment":[{"href":"https:\/\/archive.sana.sy\/es\/index.php?rest_route=%2Fwp%2Fv2%2Fmedia&parent=91481"}],"wp:term":[{"taxonomy":"category","embeddable":true,"href":"https:\/\/archive.sana.sy\/es\/index.php?rest_route=%2Fwp%2Fv2%2Fcategories&post=91481"},{"taxonomy":"post_tag","embeddable":true,"href":"https:\/\/archive.sana.sy\/es\/index.php?rest_route=%2Fwp%2Fv2%2Ftags&post=91481"}],"curies":[{"name":"wp","href":"https:\/\/api.w.org\/{rel}","templated":true}]}}